{"id":38225,"date":"2024-02-07T11:12:35","date_gmt":"2024-02-07T14:12:35","guid":{"rendered":"http:\/\/jornaldeitaipava.com.br\/?p=38225"},"modified":"2024-02-07T11:12:36","modified_gmt":"2024-02-07T14:12:36","slug":"otimismo-do-brasileiro-pode-influenciar-vendas-do-comercio-varejista-em-petropolis-em-2024","status":"publish","type":"post","link":"https:\/\/jornaldeitaipava.com.br\/index.php\/2024\/02\/07\/otimismo-do-brasileiro-pode-influenciar-vendas-do-comercio-varejista-em-petropolis-em-2024\/","title":{"rendered":"Otimismo do brasileiro pode influenciar vendas do com\u00e9rcio varejista em Petr\u00f3polis em 2024"},"content":{"rendered":"\n<p class=\"has-text-align-center\"><strong>61% dos consumidores esperam um cen\u00e1rio econ\u00f4mico melhor para o Brasil<\/strong><\/p>\n\n\n\n<p><br>Para 61% dos consumidores, o cen\u00e1rio econ\u00f4mico do Brasil ser\u00e1 melhor em 2024. O otimismo com o desenvolvimento econ\u00f4mico e f\u00f4lego para as finan\u00e7as pessoais e familiares influenciam diretamente o com\u00e9rcio varejista que antev\u00ea vendas maiores confirmada a previs\u00e3o de mais estabilidade e crescimento financeiro. A pesquisa aponta ainda que 15% aguardam um cen\u00e1rio igual e 12% pior. O levantamento, divulgado agora, foi realizado em dezembro, pela Confedera\u00e7\u00e3o Nacional de Dirigentes Lojistas (CNDL) e pelo Servi\u00e7o de Prote\u00e7\u00e3o ao Cr\u00e9dito (SPC Brasil), em parceria com a Offerwise Pesquisas e pode refletir positivamente nas mais de quatro mil empresas de com\u00e9rcio e servi\u00e7os em Petr\u00f3polis, segundo a C\u00e2mara de Dirigentes Lojistas.<br>Entre os que esperam um cen\u00e1rio melhor: 60% s\u00e3o otimistas e sempre acham que a situa\u00e7\u00e3o pode melhorar; 49% esperam que haja crescimento econ\u00f4mico e 24% acreditam que o governo conseguir\u00e1 realizar as reformas que o pa\u00eds precisa. O levantamento mostra ainda que 36% dos entrevistados acreditam que as condi\u00e7\u00f5es da economia do pa\u00eds em 2023, primeiro ano da gest\u00e3o Lula, melhoraram frente a 2022. Para 31%, o quadro piorou e outros 31% avaliam que o cen\u00e1rio se manteve.<br>\u201cO otimismo do brasileiro est\u00e1 diretamente ligado ao poder de compra, refletindo a melhora na aquisi\u00e7\u00e3o de bens materiais que proporcionam impacto positivo em sua qualidade de vida e bem-estar. Esse consumo maior d\u00e1 essa perspectiva de ascens\u00e3o e influencia no com\u00e9rcio diretamente em compras de artigos mais caros e o retorno de itens que haviam sido retirados momentaneamente da lista permanente de compras do consumidor. \u00c9 uma expectativa boa para o com\u00e9rcio varejista de todos os setores\u201d, avalia o presidente da C\u00e2mara de Dirigentes Lojistas de Petr\u00f3polis, Cl\u00e1udio Mohammad.<br>Avaliando a pr\u00f3pria situa\u00e7\u00e3o financeira, 36% acreditam que melhorou em 2023 quando comparado a 2022, enquanto 34% afirmam que n\u00e3o melhorou nem piorou e 29% que piorou. Entre os motivos apontados pelos que afirmaram que a situa\u00e7\u00e3o financeira pessoal teve melhora, 42% conseguiram organizar seu or\u00e7amento, 28% conseguiram fazer ou aumentar sua reserva financeira, 25% disseram que mais pessoas da fam\u00edlia est\u00e3o trabalhando e 23% est\u00e3o fazendo trabalhos extras.<br>Para 2024, o levantamento mostra que 68% esperam que sua vida financeira seja melhor que em 2023, 18% acreditam que ser\u00e1 igual e 6% que ser\u00e1 pior. Entre os que esperam melhora na vida financeira, 58% acreditam que v\u00e3o conseguir manter o pagamento das contas em dia, 50% que conseguir\u00e3o economizar e guardar dinheiro; 46% realizar algum sonho de consumo e 38% preveem pagar as d\u00edvidas em atraso.<br>\u201cA organiza\u00e7\u00e3o das finan\u00e7as pessoais e da fam\u00edlia apurada pela pesquisa \u00e9 favor\u00e1vel ao com\u00e9rcio. O equil\u00edbrio das contas e a recupera\u00e7\u00e3o de cr\u00e9dito refletem que o brasileiro quer estar mais estabilizado e, assim, planejar adquirir mais artigos e bens dur\u00e1veis\u201d, analisa Cl\u00e1udio Mohammad, apontando ainda que as a\u00e7\u00f5es governamentais precisam vir ao encontro das perspectivas dos consumidores. Os dados revelam que 37% dos entrevistados est\u00e3o otimistas ou muito otimistas em rela\u00e7\u00e3o \u00e0 ado\u00e7\u00e3o de medidas do governo para que incentive o desenvolvimento econ\u00f4mico do pa\u00eds. Enquanto 31% est\u00e3o pessimistas ou muito pessimistas e 27% n\u00e3o est\u00e1 otimista nem pessimista.<br>Pesquisas tamb\u00e9m mostram que setores como com\u00e9rcio (com vendas 1,5% maiores em 2024), servi\u00e7os (2,7% de crescimento) e turismo (2,1% a mais) t\u00eam chance de assinalar n\u00fameros positivos, ainda que menores que os de 2023, mas a estabilidade \u00e9 vantajosa. \u201cA empregabilidade tamb\u00e9m aumenta e, esses tr\u00eas setores, em Petr\u00f3polis, s\u00e3o importantes na economia. O crescimento ajuda a manter o ciclo de mais empregos, mais renda e mais consumo\u201d, pondera o presidente da CDL Petr\u00f3polis.<\/p>\n","protected":false},"excerpt":{"rendered":"<p>61% dos consumidores esperam um cen\u00e1rio econ\u00f4mico melhor para o Brasil Para 61% dos consumidores,<\/p>\n","protected":false},"author":1,"featured_media":38226,"comment_status":"closed","ping_status":"open","sticky":false,"template":"","format":"standard","meta":{"spay_email":"","footnotes":"","jetpack_publicize_message":""},"categories":[24],"tags":[],"jetpack_featured_media_url":"https:\/\/i1.wp.com\/jornaldeitaipava.com.br\/wp-content\/uploads\/2024\/02\/Comercio-Centro.jpg?fit=640%2C360&ssl=1","jetpack_publicize_connections":[],"jetpack_sharing_enabled":true,"jetpack_likes_enabled":true,"jetpack-related-posts":[],"_links":{"self":[{"href":"https:\/\/jornaldeitaipava.com.br\/index.php\/wp-json\/wp\/v2\/posts\/38225"}],"collection":[{"href":"https:\/\/jornaldeitaipava.com.br\/index.php\/wp-json\/wp\/v2\/posts"}],"about":[{"href":"https:\/\/jornaldeitaipava.com.br\/index.php\/wp-json\/wp\/v2\/types\/post"}],"author":[{"embeddable":true,"href":"https:\/\/jornaldeitaipava.com.br\/index.php\/wp-json\/wp\/v2\/users\/1"}],"replies":[{"embeddable":true,"href":"https:\/\/jornaldeitaipava.com.br\/index.php\/wp-json\/wp\/v2\/comments?post=38225"}],"version-history":[{"count":1,"href":"https:\/\/jornaldeitaipava.com.br\/index.php\/wp-json\/wp\/v2\/posts\/38225\/revisions"}],"predecessor-version":[{"id":38227,"href":"https:\/\/jornaldeitaipava.com.br\/index.php\/wp-json\/wp\/v2\/posts\/38225\/revisions\/38227"}],"wp:featuredmedia":[{"embeddable":true,"href":"https:\/\/jornaldeitaipava.com.br\/index.php\/wp-json\/wp\/v2\/media\/38226"}],"wp:attachment":[{"href":"https:\/\/jornaldeitaipava.com.br\/index.php\/wp-json\/wp\/v2\/media?parent=38225"}],"wp:term":[{"taxonomy":"category","embeddable":true,"href":"https:\/\/jornaldeitaipava.com.br\/index.php\/wp-json\/wp\/v2\/categories?post=38225"},{"taxonomy":"post_tag","embeddable":true,"href":"https:\/\/jornaldeitaipava.com.br\/index.php\/wp-json\/wp\/v2\/tags?post=38225"}],"curies":[{"name":"wp","href":"https:\/\/api.w.org\/{rel}","templated":true}]}}