{"id":38228,"date":"2024-02-07T11:15:14","date_gmt":"2024-02-07T14:15:14","guid":{"rendered":"http:\/\/jornaldeitaipava.com.br\/?p=38228"},"modified":"2024-02-07T11:15:17","modified_gmt":"2024-02-07T14:15:17","slug":"prefeitura-inaugura-cras-de-pedro-do-rio","status":"publish","type":"post","link":"https:\/\/jornaldeitaipava.com.br\/index.php\/2024\/02\/07\/prefeitura-inaugura-cras-de-pedro-do-rio\/","title":{"rendered":"Prefeitura inaugura Cras de Pedro do Rio"},"content":{"rendered":"\n<p class=\"has-text-align-center\">Este \u00e9 o 10\u00ba equipamento do munic\u00edpio, presente agora em todos os distritos<\/p>\n\n\n\n<p><br>O distrito de Pedro do Rio ganhou um Centro de Refer\u00eancia em Assist\u00eancia Social (Cras). Agora, a cidade conta com 10 equipamentos como este em todos os distritos. O novo Cras, inaugurado pela Prefeitura no fim de semana, recebeu o nome do ex-vereador Cirineu Guimar\u00e3es \u2013 o Zoca. O im\u00f3vel foi aberto com uma grande festa com a comunidade.<br>\u201cA rede de Assist\u00eancia Social agora abrange todos os distritos e atende a toda a popula\u00e7\u00e3o\u201d, disse o prefeito Rubens Bomtempo, lembrando que o distrito de Pedro do Rio recebeu, no ano passado, as a\u00e7\u00f5es do Programa Nosso Bairro. \u201cCom o Nosso Bairro trouxemos para o quarto distrito diversas a\u00e7\u00f5es da Prefeitura, nos aproximando ainda mais dos moradores de Pedro do Rio\u201d, ressaltou o prefeito.<br>Petr\u00f3polis conta agora com centros de Refer\u00eancia em Assist\u00eancia Social no Centro da Cidade, no Alto da Serra (criado pela Prefeitura em 2022), no Independ\u00eancia, no Quitandinha (reformado e ampliado pela Prefeitura em 2022), no Carangola, em Corr\u00eaas, em Itaipava, na Madame Machado, na Posse e em Pedro do Rio.<br>\u201cA entrega deste Cras aqui em Pedro do Rio \u00e9 uma promessa que estamos cumprindo, atendendo aquele que mais precisa\u201d, disse o vice-prefeito, Paulo Mustrangi. \u201cCom esse Cras fortalecemos o Cras de Posse e conseguimos desafogar o Centro de Refer\u00eancia de Itaipava. Estamos nos aproximando da popula\u00e7\u00e3o e garantindo o direito ao atendimento\u201d, comentou o secret\u00e1rio de Assist\u00eancia Social, Fernando Ara\u00fajo.<br>No Cras a popula\u00e7\u00e3o pode fazer o cadastro para receber benef\u00edcios sociais, como o Aluguel Social, Bolsa Fam\u00edlia, o Cart\u00e3o Cesta Cheia Fam\u00edlia Feliz, entre outros; al\u00e9m de receber atendimento com uma equipe t\u00e9cnica formada por assistentes sociais, psic\u00f3loga, pedagoga e orientadores sociais.<br>\u201c\u00c9 com muito orgulho e emo\u00e7\u00e3o que entregamos este equipamento para o quarto distrito, que leva o nome de um grande companheiro, o Zoca, que agora vai continuar fazendo o bem representado aqui neste Cras\u201d, disse o vereador J\u00fanior Paix\u00e3o. Os vereadores Ronaldo Ramos e J\u00fanior Coruja, presidente da C\u00e2mara de Vereadores tamb\u00e9m participaram da inaugura\u00e7\u00e3o, assim como secret\u00e1rios municipais e familiares do ex-vereador Zoca.<\/p>\n","protected":false},"excerpt":{"rendered":"<p>Este \u00e9 o 10\u00ba equipamento do munic\u00edpio, presente agora em todos os distritos O distrito<\/p>\n","protected":false},"author":1,"featured_media":38229,"comment_status":"closed","ping_status":"open","sticky":false,"template":"","format":"standard","meta":{"spay_email":"","footnotes":"","jetpack_publicize_message":""},"categories":[2],"tags":[],"jetpack_featured_media_url":"https:\/\/i2.wp.com\/jornaldeitaipava.com.br\/wp-content\/uploads\/2024\/02\/WhatsApp-Image-2024-02-05-at-15.05.02.jpeg?fit=1599%2C1066&ssl=1","jetpack_publicize_connections":[],"jetpack_sharing_enabled":true,"jetpack_likes_enabled":true,"jetpack-related-posts":[],"_links":{"self":[{"href":"https:\/\/jornaldeitaipava.com.br\/index.php\/wp-json\/wp\/v2\/posts\/38228"}],"collection":[{"href":"https:\/\/jornaldeitaipava.com.br\/index.php\/wp-json\/wp\/v2\/posts"}],"about":[{"href":"https:\/\/jornaldeitaipava.com.br\/index.php\/wp-json\/wp\/v2\/types\/post"}],"author":[{"embeddable":true,"href":"https:\/\/jornaldeitaipava.com.br\/index.php\/wp-json\/wp\/v2\/users\/1"}],"replies":[{"embeddable":true,"href":"https:\/\/jornaldeitaipava.com.br\/index.php\/wp-json\/wp\/v2\/comments?post=38228"}],"version-history":[{"count":1,"href":"https:\/\/jornaldeitaipava.com.br\/index.php\/wp-json\/wp\/v2\/posts\/38228\/revisions"}],"predecessor-version":[{"id":38230,"href":"https:\/\/jornaldeitaipava.com.br\/index.php\/wp-json\/wp\/v2\/posts\/38228\/revisions\/38230"}],"wp:featuredmedia":[{"embeddable":true,"href":"https:\/\/jornaldeitaipava.com.br\/index.php\/wp-json\/wp\/v2\/media\/38229"}],"wp:attachment":[{"href":"https:\/\/jornaldeitaipava.com.br\/index.php\/wp-json\/wp\/v2\/media?parent=38228"}],"wp:term":[{"taxonomy":"category","embeddable":true,"href":"https:\/\/jornaldeitaipava.com.br\/index.php\/wp-json\/wp\/v2\/categories?post=38228"},{"taxonomy":"post_tag","embeddable":true,"href":"https:\/\/jornaldeitaipava.com.br\/index.php\/wp-json\/wp\/v2\/tags?post=38228"}],"curies":[{"name":"wp","href":"https:\/\/api.w.org\/{rel}","templated":true}]}}