{"id":38232,"date":"2024-02-07T13:01:09","date_gmt":"2024-02-07T16:01:09","guid":{"rendered":"http:\/\/jornaldeitaipava.com.br\/?p=38232"},"modified":"2024-02-07T13:01:10","modified_gmt":"2024-02-07T16:01:10","slug":"cidade-do-rio-confirma-primeira-morte-por-dengue-de-2024","status":"publish","type":"post","link":"https:\/\/jornaldeitaipava.com.br\/index.php\/2024\/02\/07\/cidade-do-rio-confirma-primeira-morte-por-dengue-de-2024\/","title":{"rendered":"Cidade do Rio confirma primeira morte por dengue de 2024"},"content":{"rendered":"\n<p>A cidade do Rio de Janeiro confirmou nesta quarta-feira (7) a primeira morte por dengue em 2024. Segundo a Secretaria Municipal de Sa\u00fade, trata-se de um homem de 45 anos, que foi atendido na unidade de pronto atendimento (UPA) do Complexo da Mar\u00e9.<br>O munic\u00edpio est\u00e1 em estado de emerg\u00eancia e j\u00e1 reconhece oficialmente que vive uma epidemia da doen\u00e7a. Segundo a secretaria, outros tr\u00eas \u00f3bitos ocorridos em 2024 est\u00e3o em investiga\u00e7\u00e3o devido \u00e0 suspeita de dengue.<br>A capital fluminense j\u00e1 confirmou 13.550 casos da doen\u00e7a em 2024, o que representa mais da metade dos casos de 2023 e quase o triplo de casos de 2022.<br>As \u00e1reas da cidade com maior incid\u00eancia da doen\u00e7a s\u00e3o as regi\u00f5es de Campo Grande e Guaratiba, na zona oeste, com 476 casos para cada 100 mil habitantes.<br>Para fortalecer a rede de aten\u00e7\u00e3o aos pacientes com suspeita de dengue, est\u00e3o sendo inaugurados nesta semana dez polos de atendimento em diferentes \u00e1reas da cidade. Cinco j\u00e1 est\u00e3o em funcionamento, em Curicica, Bangu, Del Castilho, Campo Grande e Santa Cruz.<br>A morte informada pelo munic\u00edpio do Rio de Janeiro se soma a outros dois \u00f3bitos j\u00e1 registrados no estado. A Secretaria de Estado de Sa\u00fade informa que j\u00e1 houve mortes em Mangaratiba e Itatiaia.<br>At\u00e9 5 de fevereiro, data da \u00faltima atualiza\u00e7\u00e3o do painel de dados da Secretaria do estado, foram registrados 25.136 casos prov\u00e1veis de dengue no estado. Al\u00e9m das mortes confirmadas, h\u00e1 21 \u00f3bitos em investiga\u00e7\u00e3o.<\/p>\n\n\n\n<p>Da Ag\u00eancia Brasil<\/p>\n","protected":false},"excerpt":{"rendered":"<p>A cidade do Rio de Janeiro confirmou nesta quarta-feira (7) a primeira morte por dengue<\/p>\n","protected":false},"author":1,"featured_media":36824,"comment_status":"closed","ping_status":"open","sticky":false,"template":"","format":"standard","meta":{"spay_email":"","footnotes":"","jetpack_publicize_message":""},"categories":[5],"tags":[],"jetpack_featured_media_url":"https:\/\/i1.wp.com\/jornaldeitaipava.com.br\/wp-content\/uploads\/2023\/10\/dengue.jpeg?fit=1200%2C801&ssl=1","jetpack_publicize_connections":[],"jetpack_sharing_enabled":true,"jetpack_likes_enabled":true,"jetpack-related-posts":[],"_links":{"self":[{"href":"https:\/\/jornaldeitaipava.com.br\/index.php\/wp-json\/wp\/v2\/posts\/38232"}],"collection":[{"href":"https:\/\/jornaldeitaipava.com.br\/index.php\/wp-json\/wp\/v2\/posts"}],"about":[{"href":"https:\/\/jornaldeitaipava.com.br\/index.php\/wp-json\/wp\/v2\/types\/post"}],"author":[{"embeddable":true,"href":"https:\/\/jornaldeitaipava.com.br\/index.php\/wp-json\/wp\/v2\/users\/1"}],"replies":[{"embeddable":true,"href":"https:\/\/jornaldeitaipava.com.br\/index.php\/wp-json\/wp\/v2\/comments?post=38232"}],"version-history":[{"count":1,"href":"https:\/\/jornaldeitaipava.com.br\/index.php\/wp-json\/wp\/v2\/posts\/38232\/revisions"}],"predecessor-version":[{"id":38233,"href":"https:\/\/jornaldeitaipava.com.br\/index.php\/wp-json\/wp\/v2\/posts\/38232\/revisions\/38233"}],"wp:featuredmedia":[{"embeddable":true,"href":"https:\/\/jornaldeitaipava.com.br\/index.php\/wp-json\/wp\/v2\/media\/36824"}],"wp:attachment":[{"href":"https:\/\/jornaldeitaipava.com.br\/index.php\/wp-json\/wp\/v2\/media?parent=38232"}],"wp:term":[{"taxonomy":"category","embeddable":true,"href":"https:\/\/jornaldeitaipava.com.br\/index.php\/wp-json\/wp\/v2\/categories?post=38232"},{"taxonomy":"post_tag","embeddable":true,"href":"https:\/\/jornaldeitaipava.com.br\/index.php\/wp-json\/wp\/v2\/tags?post=38232"}],"curies":[{"name":"wp","href":"https:\/\/api.w.org\/{rel}","templated":true}]}}