{"id":38239,"date":"2024-02-07T13:08:58","date_gmt":"2024-02-07T16:08:58","guid":{"rendered":"http:\/\/jornaldeitaipava.com.br\/?p=38239"},"modified":"2024-02-07T13:09:00","modified_gmt":"2024-02-07T16:09:00","slug":"efetivacao-da-matricula-da-rede-municipal-termina-nesta-quinta-feira-8","status":"publish","type":"post","link":"https:\/\/jornaldeitaipava.com.br\/index.php\/2024\/02\/07\/efetivacao-da-matricula-da-rede-municipal-termina-nesta-quinta-feira-8\/","title":{"rendered":"Efetiva\u00e7\u00e3o da matr\u00edcula da rede municipal termina nesta quinta-feira (8)"},"content":{"rendered":"\n<p>Termina nesta quinta-feira (8), o prazo para a efetiva\u00e7\u00e3o da matr\u00edcula nas unidades da rede municipal de ensino. A efetiva\u00e7\u00e3o deve ser feita na pr\u00f3pria unidade escolar para onde o aluno e aluna foram designados.<br>Para a efetiva\u00e7\u00e3o da matr\u00edcula \u00e9 preciso levar os seguintes documentos originais e c\u00f3pias: Certid\u00e3o de Nascimento, documento de identidade e do CPF do aluno; declara\u00e7\u00e3o escolar constando a situa\u00e7\u00e3o do aluno para o ano subsequente ou Hist\u00f3rico Escolar original; Carteira de Identidade e CPF do respons\u00e1vel; comprovante de resid\u00eancia atualizado; carteira de vacina\u00e7\u00e3o atualizada; comprovante do tipo sangu\u00edneo e fator RH; Cart\u00e3o do SUS e parecer cl\u00ednico espec\u00edfico para alunos da Educa\u00e7\u00e3o Especial.<br>Caso o respons\u00e1vel pelo aluno ou aluna n\u00e3o compare\u00e7a at\u00e9 a dia oito de fevereiro, a pr\u00e9-matr\u00edcula ser\u00e1 cancelada. O respons\u00e1vel que queira tentar uma transfer\u00eancia para uma unidade escolar diferente da designada deve agendar o atendimento no Setor de Matr\u00edcula da Secretaria de Educa\u00e7\u00e3o pelos telefones 2246 8685 \/ 2246 8683, de segunda a sexta-feira, das 8h \u00e0s 18h.<\/p>\n","protected":false},"excerpt":{"rendered":"<p>Termina nesta quinta-feira (8), o prazo para a efetiva\u00e7\u00e3o da matr\u00edcula nas unidades da rede<\/p>\n","protected":false},"author":1,"featured_media":8701,"comment_status":"closed","ping_status":"open","sticky":false,"template":"","format":"standard","meta":{"spay_email":"","footnotes":"","jetpack_publicize_message":""},"categories":[24],"tags":[],"jetpack_featured_media_url":"https:\/\/i2.wp.com\/jornaldeitaipava.com.br\/wp-content\/uploads\/2021\/01\/educacao.jpg?fit=549%2C316&ssl=1","jetpack_publicize_connections":[],"jetpack_sharing_enabled":true,"jetpack_likes_enabled":true,"jetpack-related-posts":[],"_links":{"self":[{"href":"https:\/\/jornaldeitaipava.com.br\/index.php\/wp-json\/wp\/v2\/posts\/38239"}],"collection":[{"href":"https:\/\/jornaldeitaipava.com.br\/index.php\/wp-json\/wp\/v2\/posts"}],"about":[{"href":"https:\/\/jornaldeitaipava.com.br\/index.php\/wp-json\/wp\/v2\/types\/post"}],"author":[{"embeddable":true,"href":"https:\/\/jornaldeitaipava.com.br\/index.php\/wp-json\/wp\/v2\/users\/1"}],"replies":[{"embeddable":true,"href":"https:\/\/jornaldeitaipava.com.br\/index.php\/wp-json\/wp\/v2\/comments?post=38239"}],"version-history":[{"count":1,"href":"https:\/\/jornaldeitaipava.com.br\/index.php\/wp-json\/wp\/v2\/posts\/38239\/revisions"}],"predecessor-version":[{"id":38240,"href":"https:\/\/jornaldeitaipava.com.br\/index.php\/wp-json\/wp\/v2\/posts\/38239\/revisions\/38240"}],"wp:featuredmedia":[{"embeddable":true,"href":"https:\/\/jornaldeitaipava.com.br\/index.php\/wp-json\/wp\/v2\/media\/8701"}],"wp:attachment":[{"href":"https:\/\/jornaldeitaipava.com.br\/index.php\/wp-json\/wp\/v2\/media?parent=38239"}],"wp:term":[{"taxonomy":"category","embeddable":true,"href":"https:\/\/jornaldeitaipava.com.br\/index.php\/wp-json\/wp\/v2\/categories?post=38239"},{"taxonomy":"post_tag","embeddable":true,"href":"https:\/\/jornaldeitaipava.com.br\/index.php\/wp-json\/wp\/v2\/tags?post=38239"}],"curies":[{"name":"wp","href":"https:\/\/api.w.org\/{rel}","templated":true}]}}