{"id":38241,"date":"2024-02-07T13:11:09","date_gmt":"2024-02-07T16:11:09","guid":{"rendered":"http:\/\/jornaldeitaipava.com.br\/?p=38241"},"modified":"2024-02-07T13:11:10","modified_gmt":"2024-02-07T16:11:10","slug":"inscricoes-para-o-concurso-publico-unificado-terminam-sexta-feira","status":"publish","type":"post","link":"https:\/\/jornaldeitaipava.com.br\/index.php\/2024\/02\/07\/inscricoes-para-o-concurso-publico-unificado-terminam-sexta-feira\/","title":{"rendered":"Inscri\u00e7\u00f5es para o Concurso P\u00fablico Unificado terminam sexta-feira"},"content":{"rendered":"\n<p>Com a oferta de 6.640 vagas para 21 \u00f3rg\u00e3os federais, o Concurso P\u00fablico Nacional Unificado (CPNU) chegou \u00e0 reta final do per\u00edodo de inscri\u00e7\u00e3o, que termina nesta sexta-feira (9). Ao longo de 20 dias, mais de 1,5 milh\u00e3o de candidatos escolheram uma ou mais carreiras em um dos blocos tem\u00e1ticos lan\u00e7ados em oito editais.<br>\u00c9 a primeira vez que o governo federal realiza um processo seletivo no qual \u00e9 poss\u00edvel o candidato concorrer a mais de um cargo em diferentes \u00f3rg\u00e3os, por ordem de interesse, pagando apenas uma taxa de inscri\u00e7\u00e3o.<br>Para isso, \u00e9 necess\u00e1rio apenas selecionar o bloco tem\u00e1tico e o n\u00edvel de escolaridade que o candidato pretende concorrer, com taxas de inscri\u00e7\u00e3o no valor de R$ 90 para vagas do ensino superior e R$ 60 para os concorrentes de n\u00edvel m\u00e9dio.<\/p>\n\n\n\n<p><strong>Isen\u00e7\u00e3o de taxas<br><\/strong>Segundo o Minist\u00e9rio da Gest\u00e3o e da Inova\u00e7\u00e3o em Servi\u00e7os P\u00fablicos (MGI), que promove o processo seletivo, mais de 90% dos pedidos de isen\u00e7\u00e3o das taxas de inscri\u00e7\u00e3o foram atendidos, com mais de 600 mil candidatos que poder\u00e3o concorrer livres de custo. S\u00e3o pessoas que integram o Cadastro \u00danico (Cad\u00danico); bolsistas do ProUni; financiados pelo Fundo de Financiamento Estudantil (Fies); ou, ainda, doadores de medula \u00f3ssea que puderam se beneficiar da isen\u00e7\u00e3o.<br>Nesses \u00faltimos dias de inscri\u00e7\u00e3o, os candidatos que n\u00e3o tiveram os pedidos de isen\u00e7\u00e3o aceitos ainda poder\u00e3o pagar a taxa e participar do concurso. Todo o processo de inscri\u00e7\u00e3o \u00e9 feito pela p\u00e1gina da Cesgranrio, que \u00e9 a banca realizadora do processo seletivo, com o uso da conta gov.br.<\/p>\n\n\n\n<p>Da Ag\u00eancia Brasil<\/p>\n","protected":false},"excerpt":{"rendered":"<p>Com a oferta de 6.640 vagas para 21 \u00f3rg\u00e3os federais, o Concurso P\u00fablico Nacional Unificado<\/p>\n","protected":false},"author":1,"featured_media":1347,"comment_status":"closed","ping_status":"open","sticky":false,"template":"","format":"standard","meta":{"spay_email":"","footnotes":"","jetpack_publicize_message":""},"categories":[9],"tags":[],"jetpack_featured_media_url":"https:\/\/i1.wp.com\/jornaldeitaipava.com.br\/wp-content\/uploads\/2020\/09\/CONCURSO.jpg?fit=290%2C174&ssl=1","jetpack_publicize_connections":[],"jetpack_sharing_enabled":true,"jetpack_likes_enabled":true,"jetpack-related-posts":[],"_links":{"self":[{"href":"https:\/\/jornaldeitaipava.com.br\/index.php\/wp-json\/wp\/v2\/posts\/38241"}],"collection":[{"href":"https:\/\/jornaldeitaipava.com.br\/index.php\/wp-json\/wp\/v2\/posts"}],"about":[{"href":"https:\/\/jornaldeitaipava.com.br\/index.php\/wp-json\/wp\/v2\/types\/post"}],"author":[{"embeddable":true,"href":"https:\/\/jornaldeitaipava.com.br\/index.php\/wp-json\/wp\/v2\/users\/1"}],"replies":[{"embeddable":true,"href":"https:\/\/jornaldeitaipava.com.br\/index.php\/wp-json\/wp\/v2\/comments?post=38241"}],"version-history":[{"count":1,"href":"https:\/\/jornaldeitaipava.com.br\/index.php\/wp-json\/wp\/v2\/posts\/38241\/revisions"}],"predecessor-version":[{"id":38242,"href":"https:\/\/jornaldeitaipava.com.br\/index.php\/wp-json\/wp\/v2\/posts\/38241\/revisions\/38242"}],"wp:featuredmedia":[{"embeddable":true,"href":"https:\/\/jornaldeitaipava.com.br\/index.php\/wp-json\/wp\/v2\/media\/1347"}],"wp:attachment":[{"href":"https:\/\/jornaldeitaipava.com.br\/index.php\/wp-json\/wp\/v2\/media?parent=38241"}],"wp:term":[{"taxonomy":"category","embeddable":true,"href":"https:\/\/jornaldeitaipava.com.br\/index.php\/wp-json\/wp\/v2\/categories?post=38241"},{"taxonomy":"post_tag","embeddable":true,"href":"https:\/\/jornaldeitaipava.com.br\/index.php\/wp-json\/wp\/v2\/tags?post=38241"}],"curies":[{"name":"wp","href":"https:\/\/api.w.org\/{rel}","templated":true}]}}