{"id":38246,"date":"2024-02-07T13:21:03","date_gmt":"2024-02-07T16:21:03","guid":{"rendered":"http:\/\/jornaldeitaipava.com.br\/?p=38246"},"modified":"2024-02-07T13:21:05","modified_gmt":"2024-02-07T16:21:05","slug":"programa-de-estagio-da-firjan-esta-com-inscricoes-abertas-para-cursos-tecnicos-e-universitarios-4","status":"publish","type":"post","link":"https:\/\/jornaldeitaipava.com.br\/index.php\/2024\/02\/07\/programa-de-estagio-da-firjan-esta-com-inscricoes-abertas-para-cursos-tecnicos-e-universitarios-4\/","title":{"rendered":"Programa de Est\u00e1gio da Firjan est\u00e1 com inscri\u00e7\u00f5es abertas para cursos t\u00e9cnicos e universit\u00e1rios"},"content":{"rendered":"\n<p>As oportunidades s\u00e3o voltadas para diversas \u00e1reas de atua\u00e7\u00e3o e as inscri\u00e7\u00f5es v\u00e3o at\u00e9 o dia 3 de mar\u00e7o<br>Vagas para estudantes de diversas \u00e1reas, em uma grande empresa com todas as \u00e1reas eleg\u00edveis, \u00e9 o que oferece o Programa de Est\u00e1gio da Firjan para alunos da \u00e1rea t\u00e9cnica e do ensino universit\u00e1rio. Com inscri\u00e7\u00f5es abertas at\u00e9 03\/03, o est\u00e1gio tem dura\u00e7\u00e3o de seis meses a dois anos e carga hor\u00e1ria de quatro ou seis horas di\u00e1rias, com benef\u00edcios que incluem bolsa-aux\u00edlio, aux\u00edlio alimenta\u00e7\u00e3o, aux\u00edlio-transporte, seguro de vida e recesso remunerado. O processo de sele\u00e7\u00e3o do programa come\u00e7a com a inscri\u00e7\u00e3o on-line no site da Firjan www.firjan.com.br\/programadeestagio, seguida de entrevistas individuais, resolu\u00e7\u00e3o de cases, conversa de alinhamento e painel final.<br>Efetivado em outubro do ano passado na Firjan, como assistente de Recursos Humanos, na Ger\u00eancia de Desenvolvimento Humano e Organizacional, Luiz Alexandre Cortat, 27 anos, come\u00e7ou como estagi\u00e1rio na Biblioteca da empresa. \u201cEstagiar na Firjan foi uma experi\u00eancia incr\u00edvel, que se concretizou com a minha efetiva\u00e7\u00e3o. Ainda tive a chance de fazer uma transi\u00e7\u00e3o de carreira. Me desenvolver durante o est\u00e1gio e seguir evoluindo na empresa \u00e9 uma oportunidade \u00fanica. Desejo que todos possam viver essa experi\u00eancia\u201d, destaca Luiz.<br>Estudantes de cursos t\u00e9cnicos, inclusive dos mais de 20 cursos da Firjan SENAI, e universit\u00e1rios est\u00e3o aptos a entrar no Programa de Est\u00e1gio, que engloba diversas \u00e1reas de atua\u00e7\u00e3o: Competitividade, Comunica\u00e7\u00e3o, Desenvolvimento e Inova\u00e7\u00e3o, Educa\u00e7\u00e3o, Gest\u00e3o de Pessoas, Integridade Corporativa, Jur\u00eddico, Neg\u00f3cios, Petr\u00f3leo, G\u00e1s e Naval, Planejamento e Finan\u00e7as, Planejamento Estrat\u00e9gico, Relacionamento, Rela\u00e7\u00f5es Institucionais, Sa\u00fade e Seguran\u00e7a do Trabalho, Suprimentos e Servi\u00e7os, Tecnologia da Informa\u00e7\u00e3o e Tecnologia e Inova\u00e7\u00e3o.<br>\u201cO Programa de Est\u00e1gio da Firjan contribui na forma\u00e7\u00e3o de novas gera\u00e7\u00f5es de profissionais e ajuda a criar e manter um ambiente de renova\u00e7\u00e3o, de oxigena\u00e7\u00e3o permanente para a Firjan e para as empresas, que posteriormente aproveitam nossos estagi\u00e1rios\u201d, enfatiza Cintia Miranda, gerente de Sele\u00e7\u00e3o e Administra\u00e7\u00e3o de Pessoal da Firjan.<br>O objetivo do programa, previsto para come\u00e7ar no m\u00eas de maio, \u00e9 levar aos estudantes a oportunidade de complementar a sua forma\u00e7\u00e3o escolar, por meio de experi\u00eancias profissionais e de a\u00e7\u00f5es de desenvolvimento que promovam o aperfei\u00e7oamento t\u00e9cnico, cultural e de relacionamento humano.<\/p>\n\n\n\n<p><strong>Desenvolvimento<br><\/strong>Para permitir um acompanhamento mais pr\u00f3ximo do estagi\u00e1rio, o programa prev\u00ea a realiza\u00e7\u00e3o de uma trilha de desenvolvimento, ou seja, momentos de capacita\u00e7\u00e3o sobre as tem\u00e1ticas mais atuais para o profissional. A Firjan ainda proporciona a roteiriza\u00e7\u00e3o de eventos, abordando fatores t\u00e9cnicos da forma\u00e7\u00e3o acad\u00eamica universit\u00e1ria ou da escola t\u00e9cnica, um canal de comunica\u00e7\u00e3o para discuss\u00f5es e sugest\u00f5es e, at\u00e9 mesmo, para rodas de di\u00e1logo com executivos da federa\u00e7\u00e3o.<br>Cintia Miranda chama a aten\u00e7\u00e3o para o fato de o est\u00e1gio ser totalmente pr\u00e1tico e de o jovem se envolver em todas as tarefas. \u201cOs estagi\u00e1rios t\u00eam a oportunidade de vivenciar o dia a dia da profiss\u00e3o, por meio de experi\u00eancias pr\u00e1ticas, participando ativamente da rotina, dos processos e dos projetos da empresa\u201d, acrescenta.<br>Mais informa\u00e7\u00f5es e inscri\u00e7\u00f5es no site da Firjan: www.firjan.com.br\/programadeestagio.<\/p>\n","protected":false},"excerpt":{"rendered":"<p>As oportunidades s\u00e3o voltadas para diversas \u00e1reas de atua\u00e7\u00e3o e as inscri\u00e7\u00f5es v\u00e3o at\u00e9 o<\/p>\n","protected":false},"author":1,"featured_media":38247,"comment_status":"closed","ping_status":"open","sticky":false,"template":"","format":"standard","meta":{"spay_email":"","footnotes":"","jetpack_publicize_message":""},"categories":[9],"tags":[],"jetpack_featured_media_url":"https:\/\/i1.wp.com\/jornaldeitaipava.com.br\/wp-content\/uploads\/2024\/02\/Programa-Estagio-2022\u00a9vinicius-magalhaes_9291-1-scaled.jpg?fit=2560%2C1707&ssl=1","jetpack_publicize_connections":[],"jetpack_sharing_enabled":true,"jetpack_likes_enabled":true,"jetpack-related-posts":[],"_links":{"self":[{"href":"https:\/\/jornaldeitaipava.com.br\/index.php\/wp-json\/wp\/v2\/posts\/38246"}],"collection":[{"href":"https:\/\/jornaldeitaipava.com.br\/index.php\/wp-json\/wp\/v2\/posts"}],"about":[{"href":"https:\/\/jornaldeitaipava.com.br\/index.php\/wp-json\/wp\/v2\/types\/post"}],"author":[{"embeddable":true,"href":"https:\/\/jornaldeitaipava.com.br\/index.php\/wp-json\/wp\/v2\/users\/1"}],"replies":[{"embeddable":true,"href":"https:\/\/jornaldeitaipava.com.br\/index.php\/wp-json\/wp\/v2\/comments?post=38246"}],"version-history":[{"count":1,"href":"https:\/\/jornaldeitaipava.com.br\/index.php\/wp-json\/wp\/v2\/posts\/38246\/revisions"}],"predecessor-version":[{"id":38248,"href":"https:\/\/jornaldeitaipava.com.br\/index.php\/wp-json\/wp\/v2\/posts\/38246\/revisions\/38248"}],"wp:featuredmedia":[{"embeddable":true,"href":"https:\/\/jornaldeitaipava.com.br\/index.php\/wp-json\/wp\/v2\/media\/38247"}],"wp:attachment":[{"href":"https:\/\/jornaldeitaipava.com.br\/index.php\/wp-json\/wp\/v2\/media?parent=38246"}],"wp:term":[{"taxonomy":"category","embeddable":true,"href":"https:\/\/jornaldeitaipava.com.br\/index.php\/wp-json\/wp\/v2\/categories?post=38246"},{"taxonomy":"post_tag","embeddable":true,"href":"https:\/\/jornaldeitaipava.com.br\/index.php\/wp-json\/wp\/v2\/tags?post=38246"}],"curies":[{"name":"wp","href":"https:\/\/api.w.org\/{rel}","templated":true}]}}