{"id":38256,"date":"2024-02-08T14:12:00","date_gmt":"2024-02-08T17:12:00","guid":{"rendered":"http:\/\/jornaldeitaipava.com.br\/?p=38256"},"modified":"2024-02-08T10:14:06","modified_gmt":"2024-02-08T13:14:06","slug":"edicao-especial-de-carnaval-da-deguste-promete-4-dias-de-pura-animacao","status":"publish","type":"post","link":"https:\/\/jornaldeitaipava.com.br\/index.php\/2024\/02\/08\/edicao-especial-de-carnaval-da-deguste-promete-4-dias-de-pura-animacao\/","title":{"rendered":"Edi\u00e7\u00e3o especial de Carnaval da Deguste promete 4 dias de pura anima\u00e7\u00e3o"},"content":{"rendered":"\n<p>\u201cQuem visitar a Deguste vai sair de l\u00e1 cansado de tanto sambar e vibrar!\u201d. A frase \u00e9 de William Brites, do Puro Pecado. O grupo \u00e9 um dos destaques da programa\u00e7\u00e3o especial da Deguste que promete agitar Petr\u00f3polis com 4 dias de pura anima\u00e7\u00e3o no feriad\u00e3o. A folia ocorrer\u00e1 nos dias 10, 11,12 e 13 de fevereiro, das 11h \u00e0s 23h, na Pra\u00e7a da \u00c1guia.<br>Ser\u00e1 a primeira apresenta\u00e7\u00e3o do Puro Pecado na Deguste.&#8221;Primeiramente, \u00e9 uma honra para n\u00f3s, do Puro Pecado, estar nesse evento que j\u00e1 \u00e9 super consolidado no calend\u00e1rio da nossa cidade. \u00c9 algo que admiramos muito e sempre almejamos!&#8221;, completa William, acrescentando o que os f\u00e3s do Puro Pecado podem esperar. \u201cPreparamos um show muito alto astral para este dia! Nosso repert\u00f3rio est\u00e1 recheado de grandes cl\u00e1ssicos do samba e pagode. Vamos relembrar sambas que marcaram gera\u00e7\u00f5es, tocaremos artistas como Ra\u00e7a Negra, S\u00f3 Pra Contrariar, Exaltasamba, Zeca Pagodinho, Arlindo Cruz, at\u00e9 os mais atuais como Sorriso Maroto, P\u00e9ricles e Thiaguinho\u201d.<br>Cl\u00e1ssicos tamb\u00e9m receber\u00e3o o tom do Carnaval. \u201cTamb\u00e9m vamos trazer para o ritmo do samba artistas como Tim Maia, Jorge Ben, al\u00e9m de destaque da MPB e Rock nacional. E \u00e9 l\u00f3gico que n\u00e3o podem faltar os cl\u00e1ssicos de Samba Enredo, j\u00e1 que \u00e9 de Carnaval! Vamos fazer uma salada de grandes sucessos com boas m\u00fasicas porque o nosso intuito \u00e9 agradar\u201d, concluiu.<br>Em cada dia de evento, duas apresenta\u00e7\u00f5es musicais. \u201cPreparamos essa edi\u00e7\u00e3o com muita anima\u00e7\u00e3o e sempre levando em conta as sugest\u00f5es do p\u00fablico. Neste especial de Carnaval, a Pra\u00e7a da \u00c1guia vai receber todo o clima carnavalesco nos 4 dias de folia\u201d, afirma Gabrielle Rosendo, produtora da Deguste.<br>Vale destacar que a feira oferece, ainda, os destaques das cervejarias artesanais e op\u00e7\u00f5es gastron\u00f4micas para todos os p\u00fablicos. \u201cOportunidade \u00fanica de se divertir no carnaval em um ambiente tranquilo, alegre e diversificado\u201d, conta Rodrigo Duarte, idealizador da feira.<\/p>\n\n\n\n<p><strong>Confira a programa\u00e7\u00e3o:<\/strong><\/p>\n\n\n\n<p>S\u00e1bado &#8211; 10\/02<br>15h &#8211; Melissa Maluly<br>20h &#8211; Puro Pecado<\/p>\n\n\n\n<p>Domingo &#8211; 11\/02<br>15h &#8211; Jota Castilho em Ax\u00e9<br>20h &#8211; Pedro Ribeiro (Roda de samba)<\/p>\n\n\n\n<p>Segunda-feira &#8211; 12\/02<br>15h &#8211; Baile do Espanta (Espanta a freguesia)<br>20h &#8211; Baile do Zen<\/p>\n\n\n\n<p>Ter\u00e7a-feira &#8211; 13\/02<br>15h &#8211; Samba de m\u00e3os dadas<br>20h &#8211; Baile do Cafona com a Toddy Mall<\/p>\n","protected":false},"excerpt":{"rendered":"<p>\u201cQuem visitar a Deguste vai sair de l\u00e1 cansado de tanto sambar e vibrar!\u201d. A<\/p>\n","protected":false},"author":1,"featured_media":38257,"comment_status":"closed","ping_status":"open","sticky":false,"template":"","format":"standard","meta":{"spay_email":"","footnotes":"","jetpack_publicize_message":""},"categories":[42],"tags":[],"jetpack_featured_media_url":"https:\/\/i2.wp.com\/jornaldeitaipava.com.br\/wp-content\/uploads\/2024\/02\/Degueste01.jpeg?fit=1071%2C1163&ssl=1","jetpack_publicize_connections":[],"jetpack_sharing_enabled":true,"jetpack_likes_enabled":true,"jetpack-related-posts":[],"_links":{"self":[{"href":"https:\/\/jornaldeitaipava.com.br\/index.php\/wp-json\/wp\/v2\/posts\/38256"}],"collection":[{"href":"https:\/\/jornaldeitaipava.com.br\/index.php\/wp-json\/wp\/v2\/posts"}],"about":[{"href":"https:\/\/jornaldeitaipava.com.br\/index.php\/wp-json\/wp\/v2\/types\/post"}],"author":[{"embeddable":true,"href":"https:\/\/jornaldeitaipava.com.br\/index.php\/wp-json\/wp\/v2\/users\/1"}],"replies":[{"embeddable":true,"href":"https:\/\/jornaldeitaipava.com.br\/index.php\/wp-json\/wp\/v2\/comments?post=38256"}],"version-history":[{"count":1,"href":"https:\/\/jornaldeitaipava.com.br\/index.php\/wp-json\/wp\/v2\/posts\/38256\/revisions"}],"predecessor-version":[{"id":38258,"href":"https:\/\/jornaldeitaipava.com.br\/index.php\/wp-json\/wp\/v2\/posts\/38256\/revisions\/38258"}],"wp:featuredmedia":[{"embeddable":true,"href":"https:\/\/jornaldeitaipava.com.br\/index.php\/wp-json\/wp\/v2\/media\/38257"}],"wp:attachment":[{"href":"https:\/\/jornaldeitaipava.com.br\/index.php\/wp-json\/wp\/v2\/media?parent=38256"}],"wp:term":[{"taxonomy":"category","embeddable":true,"href":"https:\/\/jornaldeitaipava.com.br\/index.php\/wp-json\/wp\/v2\/categories?post=38256"},{"taxonomy":"post_tag","embeddable":true,"href":"https:\/\/jornaldeitaipava.com.br\/index.php\/wp-json\/wp\/v2\/tags?post=38256"}],"curies":[{"name":"wp","href":"https:\/\/api.w.org\/{rel}","templated":true}]}}