{"id":38259,"date":"2024-02-09T10:20:00","date_gmt":"2024-02-09T13:20:00","guid":{"rendered":"http:\/\/jornaldeitaipava.com.br\/?p=38259"},"modified":"2024-02-08T10:21:55","modified_gmt":"2024-02-08T13:21:55","slug":"vereador-propoe-a-criacao-da-semana-da-maternidade-atipica","status":"publish","type":"post","link":"https:\/\/jornaldeitaipava.com.br\/index.php\/2024\/02\/09\/vereador-propoe-a-criacao-da-semana-da-maternidade-atipica\/","title":{"rendered":"Vereador prop\u00f5e a cria\u00e7\u00e3o da \u201cSemana da Maternidade At\u00edpica\u201d"},"content":{"rendered":"\n<p>Petr\u00f3polis poder\u00e1 ter em seu calend\u00e1rio oficial de eventos a \u201cSemana da Maternidade At\u00edpica\u201d, a ser realizada anualmente no m\u00eas de maio. \u00c9 o que prev\u00ea Projeto de Lei de autoria do vereador Domingos Protetor, aprovado na C\u00e2mara Municipal nesta quarta-feira (07).<br>S\u00e3o consideradas m\u00e3es at\u00edpicas aquelas que t\u00eam filhos com alguma defici\u00eancia ou s\u00edndrome rara. A proposta \u00e9 que sejam realizadas a\u00e7\u00f5es destinadas \u00e0 promo\u00e7\u00e3o e valoriza\u00e7\u00e3o destas m\u00e3es, como debates, encontros, rodas de conversa, oficinas tem\u00e1tica e cursos, al\u00e9m de estimular a cria\u00e7\u00e3o de pol\u00edticas p\u00fablicas de prote\u00e7\u00e3o \u00e0s m\u00e3es at\u00edpicas, sobretudo aquelas em sa\u00fade mental.<br>\u201cAl\u00e9m da sobrecarga natural da maternidade, esta mulher ainda precisa se preocupar com os cuidados especiais da crian\u00e7a e o resultado, muitas vezes, \u00e9 o isolamento e a frustra\u00e7\u00e3o. Precisamos de cuidados especiais voltados a estas guerreiras que mant\u00e9m uma rotina que geralmente \u00e9 exaustiva&#8221;, afirma o vereador, que lembra, ainda, uma pesquisa feita pelo Instituto Baresi, em 2012, que aponta que 78% dos pais abandonam filhos com defici\u00eancia ou doen\u00e7as raras antes deles completarem cinco anos de idade, deixando toda a responsabilidade apenas com as m\u00e3es.<br>O projeto tamb\u00e9m busca estimular a capacita\u00e7\u00e3o de servidores p\u00fablicos municipais da \u00e1rea de sa\u00fade e assist\u00eancia social para o acolhimento, diagn\u00f3stico e tratamento de doen\u00e7as emocionais que podem surgir decorrentes da maternidade at\u00edpica, propiciar espa\u00e7os para informar e sensibilizar a sociedade sobre as dificuldades enfrentadas, divulgar poss\u00edveis doen\u00e7as emocionais, conscientizando e estimulando as m\u00e3es at\u00edpicas ao autocuidado e apoiar as atividades organizadas e desenvolvidas pela sociedade civil em favor destas mulheres. As atividades poder\u00e3o ser planejadas e desenvolvidas em conjunto com as secretarias municipais, podendo contar com palestras, apresenta\u00e7\u00f5es, distribui\u00e7\u00e3o de panfletos ou cartilhas informativas.<br>&#8220;A ideia \u00e9 promover uma reflex\u00e3o, n\u00e3o somente sobre os desafios enfrentados por estas m\u00e3es, mas tamb\u00e9m as alegrias que esta maternidade pode proporcionar, contribuindo para que se compreenda as peculiaridades de cada filho, sem haver, no entanto, distin\u00e7\u00e3o entre m\u00e3es como pessoas, mas apenas diferen\u00e7a na experi\u00eancia vivenciada nesta condi\u00e7\u00e3o&#8221;, pontua Domingos Protetor.<br>O projeto de lei ser\u00e1 encaminhado ao Poder Executivo.<\/p>\n","protected":false},"excerpt":{"rendered":"<p>Petr\u00f3polis poder\u00e1 ter em seu calend\u00e1rio oficial de eventos a \u201cSemana da Maternidade At\u00edpica\u201d, a<\/p>\n","protected":false},"author":1,"featured_media":38260,"comment_status":"closed","ping_status":"open","sticky":false,"template":"","format":"standard","meta":{"spay_email":"","footnotes":"","jetpack_publicize_message":""},"categories":[2],"tags":[],"jetpack_featured_media_url":"https:\/\/i2.wp.com\/jornaldeitaipava.com.br\/wp-content\/uploads\/2024\/02\/WhatsApp-Image-2024-02-07-at-16.02.10.jpeg?fit=1600%2C1066&ssl=1","jetpack_publicize_connections":[],"jetpack_sharing_enabled":true,"jetpack_likes_enabled":true,"jetpack-related-posts":[],"_links":{"self":[{"href":"https:\/\/jornaldeitaipava.com.br\/index.php\/wp-json\/wp\/v2\/posts\/38259"}],"collection":[{"href":"https:\/\/jornaldeitaipava.com.br\/index.php\/wp-json\/wp\/v2\/posts"}],"about":[{"href":"https:\/\/jornaldeitaipava.com.br\/index.php\/wp-json\/wp\/v2\/types\/post"}],"author":[{"embeddable":true,"href":"https:\/\/jornaldeitaipava.com.br\/index.php\/wp-json\/wp\/v2\/users\/1"}],"replies":[{"embeddable":true,"href":"https:\/\/jornaldeitaipava.com.br\/index.php\/wp-json\/wp\/v2\/comments?post=38259"}],"version-history":[{"count":1,"href":"https:\/\/jornaldeitaipava.com.br\/index.php\/wp-json\/wp\/v2\/posts\/38259\/revisions"}],"predecessor-version":[{"id":38261,"href":"https:\/\/jornaldeitaipava.com.br\/index.php\/wp-json\/wp\/v2\/posts\/38259\/revisions\/38261"}],"wp:featuredmedia":[{"embeddable":true,"href":"https:\/\/jornaldeitaipava.com.br\/index.php\/wp-json\/wp\/v2\/media\/38260"}],"wp:attachment":[{"href":"https:\/\/jornaldeitaipava.com.br\/index.php\/wp-json\/wp\/v2\/media?parent=38259"}],"wp:term":[{"taxonomy":"category","embeddable":true,"href":"https:\/\/jornaldeitaipava.com.br\/index.php\/wp-json\/wp\/v2\/categories?post=38259"},{"taxonomy":"post_tag","embeddable":true,"href":"https:\/\/jornaldeitaipava.com.br\/index.php\/wp-json\/wp\/v2\/tags?post=38259"}],"curies":[{"name":"wp","href":"https:\/\/api.w.org\/{rel}","templated":true}]}}