{"id":38265,"date":"2024-02-10T09:25:00","date_gmt":"2024-02-10T12:25:00","guid":{"rendered":"http:\/\/jornaldeitaipava.com.br\/?p=38265"},"modified":"2024-02-08T10:26:12","modified_gmt":"2024-02-08T13:26:12","slug":"politica-que-orienta-uso-racional-da-agua-e-aprovada-na-camara","status":"publish","type":"post","link":"https:\/\/jornaldeitaipava.com.br\/index.php\/2024\/02\/10\/politica-que-orienta-uso-racional-da-agua-e-aprovada-na-camara\/","title":{"rendered":"Pol\u00edtica que orienta uso racional da \u00e1gua \u00e9 aprovada na C\u00e2mara"},"content":{"rendered":"\n<p>O projeto de lei que cria a Pol\u00edtica Municipal de Incentivo, Conscientiza\u00e7\u00e3o, Orienta\u00e7\u00e3o, Conserva\u00e7\u00e3o e Uso Racional e Sustent\u00e1vel da \u00c1gua em Edifica\u00e7\u00f5es no Munic\u00edpio de Petr\u00f3polis foi aprovado na sess\u00e3o desta quarta-feira (07) da C\u00e2mara Municipal. A autoria do projeto \u00e9 do vereador Gil Magno. \u00a0\u00a0\u00a0\u00a0\u00a0\u00a0\u00a0<\/p>\n\n\n\n<p>A ideia \u00e9 apresentar medidas que tragam uma mudan\u00e7a de h\u00e1bito do petropolitano quanto ao uso da \u00e1gua, principalmente nas edifica\u00e7\u00f5es, bem como a conscientiza\u00e7\u00e3o dos usu\u00e1rios sobre a import\u00e2ncia da utiliza\u00e7\u00e3o de fontes alternativas para capta\u00e7\u00e3o e reutiliza\u00e7\u00e3o do recurso de forma sustent\u00e1vel.<\/p>\n\n\n\n<p>&#8211; Esse projeto tem como objetivo destacar o uso inteligente e a reutiliza\u00e7\u00e3o da \u00e1gua em nossa cidade, especialmente com a promo\u00e7\u00e3o de a\u00e7\u00f5es socioeducativas, pois sabemos que essas s\u00e3o as principais formas de preservar esse recurso t\u00e3o essencial para a vida -, destaca Gil Magno.<\/p>\n\n\n\n<p>De acordo com o texto aprovado, est\u00e3o previstos o desenvolvimento de a\u00e7\u00f5es voltadas \u00e0 conscientiza\u00e7\u00e3o da popula\u00e7\u00e3o atrav\u00e9s de campanhas educativas, palestras para o p\u00fablico em geral e abordagem do tema em escolas da rede p\u00fablica de ensino, al\u00e9m do estabelecimento de normas urban\u00edsticas especiais a serem encaminhadas na an\u00e1lise de projetos de constru\u00e7\u00e3o de novas edifica\u00e7\u00f5es.<\/p>\n\n\n\n<p>Tamb\u00e9m segundo o projeto, h\u00e1 a previs\u00e3o da instala\u00e7\u00e3o nos im\u00f3veis da cidade de, pelo menos, um equipamento ecol\u00f3gico voltado \u00e0 economia de \u00e1gua, tais como bacias sanit\u00e1rias com caixa de descarga dual, sistema de capta\u00e7\u00e3o, armazenamento e aproveitamento de \u00e1guas pluviais ou de \u00e1guas servidas, entre outros.<\/p>\n\n\n\n<p>&#8220;Precisamos de medidas que fa\u00e7am com que o consumidor seja motivado a economizar os recursos naturais que temos, como \u00e9 o caso da \u00e1gua. \u00c9 pela responsabilidade ambiental e pelo esp\u00edrito de solidariedade com o cidad\u00e3o&#8221;, finaliza.<\/p>\n\n\n\n<p>O projeto segue para o Poder Executivo Municipal para an\u00e1lise.<\/p>\n","protected":false},"excerpt":{"rendered":"<p>O projeto de lei que cria a Pol\u00edtica Municipal de Incentivo, Conscientiza\u00e7\u00e3o, Orienta\u00e7\u00e3o, Conserva\u00e7\u00e3o e<\/p>\n","protected":false},"author":1,"featured_media":7721,"comment_status":"closed","ping_status":"open","sticky":false,"template":"","format":"standard","meta":{"spay_email":"","footnotes":"","jetpack_publicize_message":""},"categories":[2],"tags":[],"jetpack_featured_media_url":"https:\/\/i0.wp.com\/jornaldeitaipava.com.br\/wp-content\/uploads\/2021\/01\/gil-magno.jpg?fit=385%2C269&ssl=1","jetpack_publicize_connections":[],"jetpack_sharing_enabled":true,"jetpack_likes_enabled":true,"jetpack-related-posts":[],"_links":{"self":[{"href":"https:\/\/jornaldeitaipava.com.br\/index.php\/wp-json\/wp\/v2\/posts\/38265"}],"collection":[{"href":"https:\/\/jornaldeitaipava.com.br\/index.php\/wp-json\/wp\/v2\/posts"}],"about":[{"href":"https:\/\/jornaldeitaipava.com.br\/index.php\/wp-json\/wp\/v2\/types\/post"}],"author":[{"embeddable":true,"href":"https:\/\/jornaldeitaipava.com.br\/index.php\/wp-json\/wp\/v2\/users\/1"}],"replies":[{"embeddable":true,"href":"https:\/\/jornaldeitaipava.com.br\/index.php\/wp-json\/wp\/v2\/comments?post=38265"}],"version-history":[{"count":1,"href":"https:\/\/jornaldeitaipava.com.br\/index.php\/wp-json\/wp\/v2\/posts\/38265\/revisions"}],"predecessor-version":[{"id":38266,"href":"https:\/\/jornaldeitaipava.com.br\/index.php\/wp-json\/wp\/v2\/posts\/38265\/revisions\/38266"}],"wp:featuredmedia":[{"embeddable":true,"href":"https:\/\/jornaldeitaipava.com.br\/index.php\/wp-json\/wp\/v2\/media\/7721"}],"wp:attachment":[{"href":"https:\/\/jornaldeitaipava.com.br\/index.php\/wp-json\/wp\/v2\/media?parent=38265"}],"wp:term":[{"taxonomy":"category","embeddable":true,"href":"https:\/\/jornaldeitaipava.com.br\/index.php\/wp-json\/wp\/v2\/categories?post=38265"},{"taxonomy":"post_tag","embeddable":true,"href":"https:\/\/jornaldeitaipava.com.br\/index.php\/wp-json\/wp\/v2\/tags?post=38265"}],"curies":[{"name":"wp","href":"https:\/\/api.w.org\/{rel}","templated":true}]}}