{"id":38267,"date":"2024-02-14T10:28:00","date_gmt":"2024-02-14T13:28:00","guid":{"rendered":"http:\/\/jornaldeitaipava.com.br\/?p=38267"},"modified":"2024-02-08T10:29:22","modified_gmt":"2024-02-08T13:29:22","slug":"petropolis-tera-festival-do-chocolate-mundo-magico-em-marco","status":"publish","type":"post","link":"https:\/\/jornaldeitaipava.com.br\/index.php\/2024\/02\/14\/petropolis-tera-festival-do-chocolate-mundo-magico-em-marco\/","title":{"rendered":"Petr\u00f3polis ter\u00e1 Festival do Chocolate Mundo M\u00e1gico em mar\u00e7o"},"content":{"rendered":"\n<p class=\"has-text-align-center\"><strong>Primeira edi\u00e7\u00e3o do evento ser\u00e1 no Pal\u00e1cio de Cristal e promete trazer encanto e sabor aos visitantes com shows, competi\u00e7\u00f5es e muito chocolate<\/strong><\/p>\n\n\n\n<p><br>Petr\u00f3polis ter\u00e1 neste ano a primeira edi\u00e7\u00e3o do Festival do Chocolate Mundo M\u00e1gico, evento que vai celebrar a iguaria com uma programa\u00e7\u00e3o recheada de atra\u00e7\u00f5es para crian\u00e7as e adultos. A festa ser\u00e1 nos fins de semana dos dias 22 a 24 e 28 a 31 de mar\u00e7o, no Pal\u00e1cio de Cristal, com entrada gratuita.<br>O segundo fim de semana do evento vai coincidir com o feriado da Semana Santa, encerrando a programa\u00e7\u00e3o no Domingo de P\u00e1scoa, sendo uma oportunidade de lazer e entretenimento associados \u00e0 gastronomia para petropolitanos e turistas, no cora\u00e7\u00e3o da Cidade Imperial.<br>O evento vai contar com expositores de chocolate, gastronomia em geral, bar e estandes de artesanato. Al\u00e9m disso, ter\u00e1 atra\u00e7\u00f5es para todas as idades, incluindo shows, oficinas gastron\u00f4micas, competi\u00e7\u00e3o de esculturas de chocolate, espa\u00e7o kids e corrida e caminhada do Coelhinho.<br>&#8220;Estamos muito animados com a organiza\u00e7\u00e3o desta festa, que j\u00e1 est\u00e1 inclu\u00edda no calend\u00e1rio de eventos do munic\u00edpio neste ano. A ideia \u00e9 unir tradi\u00e7\u00e3o, inova\u00e7\u00e3o e celebra\u00e7\u00e3o em um dos espa\u00e7os mais imponentes do Centro Hist\u00f3rico, que \u00e9 o Pal\u00e1cio de Cristal, onde tamb\u00e9m ocorre a Bauernfest &#8211; principal festa da cidade&#8221;, diz Antonio Nassif Jr., um dos organizadores do festival.<\/p>\n\n\n\n<p>Servi\u00e7o<br>Festival do Chocolate Mundo M\u00e1gico<br>Dias e Hor\u00e1rios: Sexta 22: 14h &#8211; 0h<br>S\u00e1bado 23 e Domingo 24: 10h &#8211; 0h<br>Quinta 28: 14h &#8211; 0h<br>Sexta 29, S\u00e1bado 30 e Domingo 31: 10h &#8211; 0h<\/p>\n\n\n\n<p>Local: Pal\u00e1cio de Cristal<br>Endere\u00e7o: Rua Alfredo Pach\u00e1, s\/n\u00ba, Centro- Petr\u00f3polis<br>Entrada gratuita<\/p>\n","protected":false},"excerpt":{"rendered":"<p>Primeira edi\u00e7\u00e3o do evento ser\u00e1 no Pal\u00e1cio de Cristal e promete trazer encanto e sabor<\/p>\n","protected":false},"author":1,"featured_media":30081,"comment_status":"closed","ping_status":"open","sticky":false,"template":"","format":"standard","meta":{"spay_email":"","footnotes":"","jetpack_publicize_message":""},"categories":[42],"tags":[],"jetpack_featured_media_url":"https:\/\/i2.wp.com\/jornaldeitaipava.com.br\/wp-content\/uploads\/2022\/07\/PALACIO-DE-CRISTAL.jpg?fit=1280%2C853&ssl=1","jetpack_publicize_connections":[],"jetpack_sharing_enabled":true,"jetpack_likes_enabled":true,"jetpack-related-posts":[],"_links":{"self":[{"href":"https:\/\/jornaldeitaipava.com.br\/index.php\/wp-json\/wp\/v2\/posts\/38267"}],"collection":[{"href":"https:\/\/jornaldeitaipava.com.br\/index.php\/wp-json\/wp\/v2\/posts"}],"about":[{"href":"https:\/\/jornaldeitaipava.com.br\/index.php\/wp-json\/wp\/v2\/types\/post"}],"author":[{"embeddable":true,"href":"https:\/\/jornaldeitaipava.com.br\/index.php\/wp-json\/wp\/v2\/users\/1"}],"replies":[{"embeddable":true,"href":"https:\/\/jornaldeitaipava.com.br\/index.php\/wp-json\/wp\/v2\/comments?post=38267"}],"version-history":[{"count":1,"href":"https:\/\/jornaldeitaipava.com.br\/index.php\/wp-json\/wp\/v2\/posts\/38267\/revisions"}],"predecessor-version":[{"id":38268,"href":"https:\/\/jornaldeitaipava.com.br\/index.php\/wp-json\/wp\/v2\/posts\/38267\/revisions\/38268"}],"wp:featuredmedia":[{"embeddable":true,"href":"https:\/\/jornaldeitaipava.com.br\/index.php\/wp-json\/wp\/v2\/media\/30081"}],"wp:attachment":[{"href":"https:\/\/jornaldeitaipava.com.br\/index.php\/wp-json\/wp\/v2\/media?parent=38267"}],"wp:term":[{"taxonomy":"category","embeddable":true,"href":"https:\/\/jornaldeitaipava.com.br\/index.php\/wp-json\/wp\/v2\/categories?post=38267"},{"taxonomy":"post_tag","embeddable":true,"href":"https:\/\/jornaldeitaipava.com.br\/index.php\/wp-json\/wp\/v2\/tags?post=38267"}],"curies":[{"name":"wp","href":"https:\/\/api.w.org\/{rel}","templated":true}]}}