{"id":38269,"date":"2024-02-08T10:41:21","date_gmt":"2024-02-08T13:41:21","guid":{"rendered":"http:\/\/jornaldeitaipava.com.br\/?p=38269"},"modified":"2024-02-08T10:43:09","modified_gmt":"2024-02-08T13:43:09","slug":"cabo-frio-divulga-programacao-do-carnaval-2024-no-forte-pero-e-tamoios","status":"publish","type":"post","link":"https:\/\/jornaldeitaipava.com.br\/index.php\/2024\/02\/08\/cabo-frio-divulga-programacao-do-carnaval-2024-no-forte-pero-e-tamoios\/","title":{"rendered":"Cabo Frio divulga programa\u00e7\u00e3o do Carnaval 2024  no Forte, Per\u00f3 e Tamoios"},"content":{"rendered":"\n<p>A Prefeitura de Cabo Frio preparou uma programa\u00e7\u00e3o de shows para o Carnaval 2024, complementando a festividade que contar\u00e1 com mais de 30 blocos de rua. Com o tema \u201cCabo Frio com Bloco na rua\u201d, al\u00e9m dos blocos de arrast\u00e3o, os foli\u00f5es poder\u00e3o aproveitar shows musicais descentralizados que acontecer\u00e3o em tr\u00eas locais com palcos instalados na Praia do Forte, no Per\u00f3 e em Tamoios, a partir das 16h.<br>A diversidade musical vai marcar a programa\u00e7\u00e3o e proporcionar entretenimento para todos os gostos. O objetivo \u00e9 criar uma atmosfera festiva e alegre durante o Carnaval, enriquecendo a experi\u00eancia dos participantes e fomentando a tradi\u00e7\u00e3o carnavalesca na cidade com shows musicais de funk, pagode, pop, sertanejo, samba e muito mais.<br>A programa\u00e7\u00e3o de shows \u00e9 mais uma maneira de envolver a popula\u00e7\u00e3o e os turistas nas celebra\u00e7\u00f5es do Carnaval. Segundo o secret\u00e1rio de Cultura, M\u00e1rcio Sampaio, \u00e9 mais um refor\u00e7o da cultura local e que visa proporcionar momentos de divers\u00e3o e descontra\u00e7\u00e3o para todos.<br>\u201cResgatamos os blocos de rua e firmamos parcerias importantes para que o Carnaval 2024 seja um sucesso. Tem programa\u00e7\u00e3o para toda a fam\u00edlia cabo-friense, al\u00e9m dos turistas que estamos preparados para receber\u201d, completou.<br>Vale ressaltar que, no distrito de Tamoios, o trio el\u00e9trico estar\u00e1 localizado no Pontal de Santo Ant\u00f4nio e o palco \u00e9 no Posto Guarda-vidas em Unamar.<\/p>\n\n\n\n<p><strong>CONFIRA A PROGRAMA\u00c7\u00c3O DOS PALCOS E TRIOS<\/strong><\/p>\n\n\n\n<p><strong>PRAIA DO FORTE<br><\/strong>S\u00c1BADO (10\/02)<br>CORD\u00c3O DA BOLA PRETA (16H)<br>SWING E SIMPATIA (23H)<\/p>\n\n\n\n<p>DOMINGO (11\/02)<br>BATERIA DA UNI\u00c3O DA ILHA DO GOVERNADOR (16H)<br>THIAGO SOARES (23H)<\/p>\n\n\n\n<p>SEGUNDA-FEIRA (12\/02)<br>IMAGINASAMBA (16H)<br>DG\u00ca E PERLLA (23H)<\/p>\n\n\n\n<p>TER\u00c7A-FEIRA (13\/02)<br>YARA VELLASCO (16H)<br>NETINHO DE PAULA (23H)<\/p>\n\n\n\n<p><strong>TAMOIOS<br><\/strong>S\u00c1BADO (10\/02)<br>TRIO EL\u00c9TRICO: YARA VELLASCO (16H)<br>JUNINHO (23H)<\/p>\n\n\n\n<p>DOMINGO (11\/02)<br>TRIO EL\u00c9TRICO: THIAGO SOARES (16H)<br>CORD\u00c3O DA BOLA PRETA (23H)<\/p>\n\n\n\n<p>SEGUNDA-FEIRA (12\/02)<br>TRIO EL\u00c9TRICO: RAYLANE MENDES (16H)<br>BATERIA DA UNI\u00c3O DA ILHA DO GOVERNADOR (23H)<\/p>\n\n\n\n<p>TER\u00c7A-FEIRA (13\/02)<br>TRIO EL\u00c9TRICO: DG\u00ca E PERLLA (16H)<br>VOU PRO SERENO (23H)<\/p>\n\n\n\n<p><strong>PER\u00d3 \u2013 PRA\u00c7A DO MOINHO<br><\/strong>S\u00c1BADO (10\/02)<br>JUNINHO (16H)<br>DG\u00ca E PERLLA (23H)<\/p>\n\n\n\n<p>DOMINGO (11\/02)<br>NOSSO BLOCO (16H)<br>YARA VELLASCO (23H)<\/p>\n\n\n\n<p>SEGUNDA-FEIRA (12\/02)<br>CORD\u00c3O DA BOLA PRETA (16H)<br>PURA SIMPLICIDADE (23H)<\/p>\n\n\n\n<p>TER\u00c7A-FEIRA (13\/02)<br>WILLIAM KESSLEY (16H)<br>BATERIA DA UNI\u00c3O DA ILHA DO GOVERNADOR (23H)<\/p>\n","protected":false},"excerpt":{"rendered":"<p>A Prefeitura de Cabo Frio preparou uma programa\u00e7\u00e3o de shows para o Carnaval 2024, complementando<\/p>\n","protected":false},"author":1,"featured_media":38270,"comment_status":"closed","ping_status":"open","sticky":false,"template":"","format":"standard","meta":{"spay_email":"","footnotes":"","jetpack_publicize_message":""},"categories":[42],"tags":[],"jetpack_featured_media_url":"https:\/\/i2.wp.com\/jornaldeitaipava.com.br\/wp-content\/uploads\/2024\/02\/carna-CF.jpg?fit=1200%2C800&ssl=1","jetpack_publicize_connections":[],"jetpack_sharing_enabled":true,"jetpack_likes_enabled":true,"jetpack-related-posts":[],"_links":{"self":[{"href":"https:\/\/jornaldeitaipava.com.br\/index.php\/wp-json\/wp\/v2\/posts\/38269"}],"collection":[{"href":"https:\/\/jornaldeitaipava.com.br\/index.php\/wp-json\/wp\/v2\/posts"}],"about":[{"href":"https:\/\/jornaldeitaipava.com.br\/index.php\/wp-json\/wp\/v2\/types\/post"}],"author":[{"embeddable":true,"href":"https:\/\/jornaldeitaipava.com.br\/index.php\/wp-json\/wp\/v2\/users\/1"}],"replies":[{"embeddable":true,"href":"https:\/\/jornaldeitaipava.com.br\/index.php\/wp-json\/wp\/v2\/comments?post=38269"}],"version-history":[{"count":1,"href":"https:\/\/jornaldeitaipava.com.br\/index.php\/wp-json\/wp\/v2\/posts\/38269\/revisions"}],"predecessor-version":[{"id":38271,"href":"https:\/\/jornaldeitaipava.com.br\/index.php\/wp-json\/wp\/v2\/posts\/38269\/revisions\/38271"}],"wp:featuredmedia":[{"embeddable":true,"href":"https:\/\/jornaldeitaipava.com.br\/index.php\/wp-json\/wp\/v2\/media\/38270"}],"wp:attachment":[{"href":"https:\/\/jornaldeitaipava.com.br\/index.php\/wp-json\/wp\/v2\/media?parent=38269"}],"wp:term":[{"taxonomy":"category","embeddable":true,"href":"https:\/\/jornaldeitaipava.com.br\/index.php\/wp-json\/wp\/v2\/categories?post=38269"},{"taxonomy":"post_tag","embeddable":true,"href":"https:\/\/jornaldeitaipava.com.br\/index.php\/wp-json\/wp\/v2\/tags?post=38269"}],"curies":[{"name":"wp","href":"https:\/\/api.w.org\/{rel}","templated":true}]}}