{"id":38272,"date":"2024-02-08T11:07:06","date_gmt":"2024-02-08T14:07:06","guid":{"rendered":"http:\/\/jornaldeitaipava.com.br\/?p=38272"},"modified":"2024-02-08T11:07:07","modified_gmt":"2024-02-08T14:07:07","slug":"operacao-carnaval-na-br-101-vai-ate-o-dia-19","status":"publish","type":"post","link":"https:\/\/jornaldeitaipava.com.br\/index.php\/2024\/02\/08\/operacao-carnaval-na-br-101-vai-ate-o-dia-19\/","title":{"rendered":"Opera\u00e7\u00e3o Carnaval na BR 101 vai at\u00e9 o dia 19"},"content":{"rendered":"\n<p>A Rodovia BR 101\/Norte vai contar com opera\u00e7\u00e3o especial para atender o fluxo esperado de mais 970 mil ve\u00edculos devido ao feriado de carnaval. A a\u00e7\u00e3o acontece at\u00e9 o dia 19 deste m\u00eas.<br>A previs\u00e3o \u00e9 de que o movimento na rodovia fique mais intenso a partir das 14h desta quinta, quando s\u00e3o esperados cerca 96 mil ve\u00edculos. Na sexta (9), a previs\u00e3o \u00e9 de 102 mil ve\u00edculos, com fluxo intenso entre 15h e 22h.<br>A expectativa \u00e9 que a movimenta\u00e7\u00e3o seja maior no trecho de 60 quil\u00f4metros entre as cidades de Niter\u00f3i e Rio Bonito, al\u00e9m dos trechos urbanos em Campos dos Goytacazes e Casimiro de Abreu.<br>Os principais destinos na BR-101 RJ\/Norte s\u00e3o as regi\u00f5es dos Lagos, Serrana, Norte Fluminense, Metropolitana, Rio de Janeiro e Litoral Sul Capixaba.<br>De acordo com a concession\u00e1ria Arteris Fluminense, as equipes est\u00e3o preparadas para o aumento na demanda. Ser\u00e3o oferecidos apoio e assist\u00eancia 24h para os motoristas, al\u00e9m de viaturas, guinchos e ambul\u00e2ncias ao longo dos 322 quil\u00f4metros de rodovia.<br>A concession\u00e1ria pede aten\u00e7\u00e3o para as condi\u00e7\u00f5es do ve\u00edculo antes de pegar estrada, para a dire\u00e7\u00e3o defensiva e para os limites de velocidade. Orienta ainda que os motoristas mantenham a dist\u00e2ncia adequada entre os carros para evitar acidentes e use cinto de seguran\u00e7a assim como todos os ocupantes do ve\u00edculos e lembra do uso de capacetes no caso de motociclistas.<br>A Arteris explica ainda que durante o per\u00edodo de opera\u00e7\u00e3o especial, as obras de manuten\u00e7\u00e3o estar\u00e3o suspensas e as equipes ficar\u00e3o em prontid\u00e3o para todos os tipos de atendimento.<br>Os motoristas podem acompanhar atualiza\u00e7\u00f5es sobre a rodovia no perfil da Arteris no Twitter (@Arteris_AFL). E em caso de imprevistos, o telefone da concession\u00e1ria \u00e9 o 0800 282 0101.<\/p>\n","protected":false},"excerpt":{"rendered":"<p>A Rodovia BR 101\/Norte vai contar com opera\u00e7\u00e3o especial para atender o fluxo esperado de<\/p>\n","protected":false},"author":1,"featured_media":38273,"comment_status":"closed","ping_status":"open","sticky":false,"template":"","format":"standard","meta":{"spay_email":"","footnotes":"","jetpack_publicize_message":""},"categories":[24],"tags":[],"jetpack_featured_media_url":"https:\/\/i1.wp.com\/jornaldeitaipava.com.br\/wp-content\/uploads\/2024\/02\/BR-101.png?fit=692%2C389&ssl=1","jetpack_publicize_connections":[],"jetpack_sharing_enabled":true,"jetpack_likes_enabled":true,"jetpack-related-posts":[],"_links":{"self":[{"href":"https:\/\/jornaldeitaipava.com.br\/index.php\/wp-json\/wp\/v2\/posts\/38272"}],"collection":[{"href":"https:\/\/jornaldeitaipava.com.br\/index.php\/wp-json\/wp\/v2\/posts"}],"about":[{"href":"https:\/\/jornaldeitaipava.com.br\/index.php\/wp-json\/wp\/v2\/types\/post"}],"author":[{"embeddable":true,"href":"https:\/\/jornaldeitaipava.com.br\/index.php\/wp-json\/wp\/v2\/users\/1"}],"replies":[{"embeddable":true,"href":"https:\/\/jornaldeitaipava.com.br\/index.php\/wp-json\/wp\/v2\/comments?post=38272"}],"version-history":[{"count":1,"href":"https:\/\/jornaldeitaipava.com.br\/index.php\/wp-json\/wp\/v2\/posts\/38272\/revisions"}],"predecessor-version":[{"id":38274,"href":"https:\/\/jornaldeitaipava.com.br\/index.php\/wp-json\/wp\/v2\/posts\/38272\/revisions\/38274"}],"wp:featuredmedia":[{"embeddable":true,"href":"https:\/\/jornaldeitaipava.com.br\/index.php\/wp-json\/wp\/v2\/media\/38273"}],"wp:attachment":[{"href":"https:\/\/jornaldeitaipava.com.br\/index.php\/wp-json\/wp\/v2\/media?parent=38272"}],"wp:term":[{"taxonomy":"category","embeddable":true,"href":"https:\/\/jornaldeitaipava.com.br\/index.php\/wp-json\/wp\/v2\/categories?post=38272"},{"taxonomy":"post_tag","embeddable":true,"href":"https:\/\/jornaldeitaipava.com.br\/index.php\/wp-json\/wp\/v2\/tags?post=38272"}],"curies":[{"name":"wp","href":"https:\/\/api.w.org\/{rel}","templated":true}]}}