{"id":38281,"date":"2024-02-08T13:16:41","date_gmt":"2024-02-08T16:16:41","guid":{"rendered":"http:\/\/jornaldeitaipava.com.br\/?p=38281"},"modified":"2024-02-08T13:52:37","modified_gmt":"2024-02-08T16:52:37","slug":"carnaval-2024-fique-por-dentro-do-que-vai-rolar-de-melhor-na-cidade","status":"publish","type":"post","link":"https:\/\/jornaldeitaipava.com.br\/index.php\/2024\/02\/08\/carnaval-2024-fique-por-dentro-do-que-vai-rolar-de-melhor-na-cidade\/","title":{"rendered":"Carnaval 2024: fique por dentro do que vai rolar de melhor na cidade"},"content":{"rendered":"\n<p>O Carnaval 2024 promete ser de muita divers\u00e3o em Petr\u00f3polis. Dezenas de eventos para todos os gostos j\u00e1 est\u00e3o confirmados em diversos pontos da cidade! O Jornal de Itaipava fez um roteiro completo para todos os tipos de foli\u00f5es. Confira!<\/p>\n\n\n\n<p><strong>CENTRO<br><\/strong>A Prefeitura de Petr\u00f3polis est\u00e1 apoiando o Carnaval 2024 que tem eventos previstos em diversos pontos, do primeiro ao quinto distrito. Os blocos de embalo sair\u00e3o todos os dias e no Centro, a Pra\u00e7a da Liberdade ser\u00e1 o palco da folia com o &#8220;Carnaval da Liberdade&#8221;, que acontece do dia 10 ao dia 13, a partir das 14h. O tradicional &#8220;Banho \u00e0 Fantasia&#8221;, est\u00e1 de volta este ano e est\u00e1 marcado para o domingo, dia 11, a partir das 10h, no Quissam\u00e3.<br>A programa\u00e7\u00e3o completa dos blocos e bailes nos bairros e distritos pode ser acessada no link <a href=\"https:\/\/www.petropolis.rj.gov.br\/pmp\/phocadownload\/destaques\/2024\/programacao_carnaval.pdf\" target=\"_blank\" rel=\"noreferrer noopener\">https:\/\/www.petropolis.rj.gov.br\/pmp\/phocadownload\/destaques\/2024\/programacao_carnaval.pdf<\/a><\/p>\n\n\n\n<p><strong>Feira Deguste<br><\/strong>A famosa feira cervejeira est\u00e1 em clima de Carnaval e, de 10 a 13 de fevereiro a folia est\u00e1 garantida com muita m\u00fasica e cerveja artesanal. Confira a programa\u00e7\u00e3o: S\u00e1bado: 15h &#8211; Melissa Maluly; 20h &#8211; Puro Pecado | Domingo: Jota Castilho em Ax\u00e9; 20h &#8211; Pedro Ribeiro (Roda de samba) | Segunda-feira: 15h &#8211; Baile do Espanta; 20h &#8211; Baile do Zen | Ter\u00e7a-feira: 15h &#8211; Samba de m\u00e3os dadas; 20h &#8211; Baile do Cafona com a Toddy Mall.<br>Gratuito<\/p>\n\n\n\n<p><strong>Clube Petropolitano<br><\/strong>As tradicionais matin\u00eas do Petr\u00f4 acontecem nos dias 11 e 13\/02, a partir das 14h, com muita divers\u00e3o para a crian\u00e7ada. Pequenos de at\u00e9 5 anos n\u00e3o pagam. As atra\u00e7\u00f5es ficam por conta da banda Swing da Serra. O evento tamb\u00e9m oferece Espa\u00e7o Kids e bar para os adultos.<br>Av. Roberto da Silveira, n\u00ba 82 &#8211; Centro<\/p>\n\n\n\n<p>Pago<\/p>\n\n\n\n<p><strong>BLOCOS DE EMBALO<br><\/strong>O bloco <strong>Vai dar M.<\/strong> vai agitar o Carnaval no Centro, no s\u00e1bado (10) e segunda-feira (12), com concentra\u00e7\u00e3o \u00e0 partir das 16h na Pra\u00e7a Paulo Carneiro, na Rua Marechal Deodoro. O desfile, que vai at\u00e9 a Pra\u00e7a Dom Pedro com muitas marchinhas, est\u00e1 marcado para \u00e0s 17h.<\/p>\n\n\n\n<p>Estreando no Carnaval Petropolitano, o bloco <strong>Pintando a 7 com Estilo, <\/strong>organizado por frequentadores do Bar Styllus, vai se concentrar na Rua 7 de abril, a partir das 14h. O desfile acontece vai at\u00e9 a Pra\u00e7a da Liberdade e retorna.<\/p>\n\n\n\n<p>O <strong>Vai-Quem-Quer<\/strong>, o mais tradicional bloco da cidade promete levantar a Rua do Imperador no s\u00e1bado, dia 10. O desfile come\u00e7a \u00e0s 20h mas a anima\u00e7\u00e3o come\u00e7a a partir das 17h na concentra\u00e7\u00e3o, que fica na Travessa Prudente Aguiar, no Centro.<\/p>\n\n\n\n<p><strong>Hipershopping Petr\u00f3polis<br><\/strong>No Hipershopping, no Alto da Serra, o Hiperfolia programou para s\u00e1bado de Carnaval atividades infantis om pintura facial e desfile de fantasias das 15h \u00e0s 18h. \u00c0 noite, a Pra\u00e7a de Alimenta\u00e7\u00e3o ser\u00e1 palco de samba e m\u00fasicas carnavalescas, das 18h \u00e0s 22h. A programa\u00e7\u00e3o segue de domingo a ter\u00e7a sempre com matin\u00ea infantil, das 15h \u00e0s 18h e noite de samba, das 18h \u00e0s 22h. E depois da folia, ainda com gostinho de quero mais, tem a ressaca de Carnaval, no dia 17, com matin\u00ea infantil das 15h \u00e0s 18h e show do grupo Inspirados no Samba, liderado por Guido Martini, das 19h \u00e0s 22h.<br>Rua Teresa, 1515 &#8211; Alto da Serra<br>Gratuito<\/p>\n\n\n\n<p>ITAIPAVA E ARREDORES<\/p>\n\n\n\n<p><strong>Pra\u00e7a de Nogueira<br><\/strong>A Pra\u00e7a de Nogueira ser\u00e1 palco da anima\u00e7\u00e3o no bairro. A folia come\u00e7a na sexta (09) e vai at\u00e9 o dia 13\/02, sempre a partir das 14h com a abertura das barracas de alimenta\u00e7\u00e3o. \u00c0S 17h tem os matin\u00eas para a crian\u00e7ada. A festa vai at\u00e9 as 23h com atra\u00e7\u00f5es di\u00e1rias.<br>Gratuito<\/p>\n\n\n\n<p><strong>Sesc de Nogueira<br><\/strong>A unidade de Nogueira do Sesc est\u00e1 com programa\u00e7\u00e3o carnavalesca. A folia come\u00e7a no s\u00e1bado (10) e e vai at\u00e9 ter\u00e7a-feira (13) com o Projeto Samba de M\u00e3os Dadas, Mini Fanfarra Corte do Rio e Banda Soul Pepper. Tamb\u00e9m haver\u00e1 atividades recreativas para a crian\u00e7ada.<br>Estrada do Calembe, 2.000 &#8211; Nogueira<br>Gratuito<\/p>\n\n\n\n<p><strong>Shopping Vilarejo &#8211; Itaipava<br><\/strong>Em um mergulho apaixonado nas ra\u00edzes do Carnaval, o Shopping Vilarejo, em Itaipava, promete agitar a temporada carnavalesca com os contagiantes bailinhos do Taru\u00edra, atra\u00e7\u00e3o para todas as idades. Neste 12\u00ba ano de parceria, a festa acontecer\u00e1 durante tr\u00eas dias, das 16h \u00e0s 20h, de domingo a ter\u00e7a-feira. E mais: com entrada franca.<br>Gratuito<\/p>\n\n\n\n<p><strong>Carnavau Au, Au<br><\/strong>E uma novidade este ano \u00e9 o Carnavau Au Au. Sob a curadoria da veterin\u00e1ria Hazel Hathaway, do consult\u00f3rio e pet shop &#8220;Be Happy&#8221; do shopping, o evento, que inaugura as festividades do Carnaval Vilarejo no s\u00e1bado, dia 10, das 16h \u00e0s 20h, promete proporcionar uma experi\u00eancia \u00fanica e inclusiva para crian\u00e7as e seus ador\u00e1veis pets. E a dupla de crian\u00e7a e pet com as fantasias mais bacanas concorre a um pr\u00eamio. O Carnavau Au, Au \u00e9 para toda a fam\u00edlia, vai ser animado pelo DJ Cris e tem entrada franca.<br>Shopping Vilarejo &#8211; Estrada Uni\u00e3o e Ind\u00fastria, 10035 &#8211; Itaipava.<br>Gratuito<\/p>\n\n\n\n<p><strong>Shopping Esta\u00e7\u00e3o<br><\/strong>J\u00e1 o Shopping Esta\u00e7\u00e3o Itaipava preparou uma programa\u00e7\u00e3o dedicada aos pequenos, mas que vai fazer os adultos tamb\u00e9m tirarem o p\u00e9 do ch\u00e3o. No s\u00e1bado, rola o Baile do Aladim e, domingo, \u00e9 a vez do Baile dos Piratas. J\u00e1 na segunda, a onda \u00e9 o Baile dos Aqualoucos e, na ter\u00e7a, o Baile Tropical encerra a programa\u00e7\u00e3o. E para aqueles que ainda tiverem f\u00f4lego, no dia 17 de fevereiro acontece a Ressaquinha de Carnaval. Todos os eventos acontecem de 16h \u00e0s 19h.<br>Estr. Uni\u00e3o e Ind\u00fastria, 11.000 &#8211; Itaipava<br>Gratuito<\/p>\n\n\n\n<p><strong>Espa\u00e7o Mix<br><\/strong>O Espa\u00e7o Itaipava Mix promove sua primeira edi\u00e7\u00e3o de carnaval n\u00e3o poderia ser diferente: os 90 boxes de lojas j\u00e1 est\u00e3o em clima carnavalesco para receber o p\u00fablico, com promo\u00e7\u00f5es que n\u00e3o deixam ningu\u00e9m parado. No batuque das marchinhas, o polo de modas mais charmoso de Itaipava vai abrir todos os dias do feriad\u00e3o, inclusive na ter\u00e7a-feira de carnaval.<br>E para animar ainda mais essa folia, no s\u00e1bado (12) e no domingo (13), vai ter muita anima\u00e7\u00e3o para a crian\u00e7ada. Nos dois dias, haver\u00e1 pintura facial, escultura de bal\u00f5es e oficina de m\u00e1scaras, das 14h \u00e0s 18h. Toda a programa\u00e7\u00e3o \u00e9 100% gratuita.<br>O Itaipava Mix fica na Estrada Uni\u00e3o e Ind\u00fastria, n\u00famero 9.453, em Itaipava, a cem metros do Hortomercado Municipal.<br>Gratuito<\/p>\n\n\n\n<p><strong>Castelo de Itaipava<br><\/strong>A folia tamb\u00e9m acontece no charmoso Castelo de Itaipava no s\u00e1bado (10) e domingo (11) com diversas atra\u00e7\u00f5es musicais e brinquedos para as crian\u00e7as. O evento \u00e9 pago e o valor do ingresso d\u00e1 direito ao acesso ao evento e \u00e0s atra\u00e7\u00f5es, apenas. Comidas, bebidas e sobremesas poder\u00e3o ser adquiridas \u00e0 parte. Crian\u00e7as at\u00e9 1 ano n\u00e3o pagam, mas \u00e9 necess\u00e1rio retirar o ingresso no Sympla. A partir de 1 ano, o valor \u00e9 de acordo com o lote vigente.<br>ENDERE\u00c7O: BR 040, km 56 \u2013 Itaipava<br>Pago<\/p>\n\n\n\n<p><strong>Soberano<\/strong><br>Fechando o Carnaval, a casa de shows, Soberano, em Itaipava, apresenta a Esta\u00e7\u00e3o Primeira de Mangueira, no Baile da Ressaca, na sexta (16), \u00e0s 20h, prolongando o Carnaval de Petr\u00f3polis. O show com integrantes da bateria da escola campe\u00e3 tem meia entrada garantida para o morador de Petr\u00f3polis.<br>Estr. Uni\u00e3o e Ind\u00fastria, 11.000 &#8211; Itaipava<br>Pago<\/p>\n","protected":false},"excerpt":{"rendered":"<p>O Carnaval 2024 promete ser de muita divers\u00e3o em Petr\u00f3polis. Dezenas de eventos para todos<\/p>\n","protected":false},"author":1,"featured_media":38282,"comment_status":"closed","ping_status":"open","sticky":false,"template":"","format":"standard","meta":{"spay_email":"","footnotes":"","jetpack_publicize_message":""},"categories":[24],"tags":[],"jetpack_featured_media_url":"https:\/\/i2.wp.com\/jornaldeitaipava.com.br\/wp-content\/uploads\/2024\/02\/2024.jpg?fit=1640%2C924&ssl=1","jetpack_publicize_connections":[],"jetpack_sharing_enabled":true,"jetpack_likes_enabled":true,"jetpack-related-posts":[],"_links":{"self":[{"href":"https:\/\/jornaldeitaipava.com.br\/index.php\/wp-json\/wp\/v2\/posts\/38281"}],"collection":[{"href":"https:\/\/jornaldeitaipava.com.br\/index.php\/wp-json\/wp\/v2\/posts"}],"about":[{"href":"https:\/\/jornaldeitaipava.com.br\/index.php\/wp-json\/wp\/v2\/types\/post"}],"author":[{"embeddable":true,"href":"https:\/\/jornaldeitaipava.com.br\/index.php\/wp-json\/wp\/v2\/users\/1"}],"replies":[{"embeddable":true,"href":"https:\/\/jornaldeitaipava.com.br\/index.php\/wp-json\/wp\/v2\/comments?post=38281"}],"version-history":[{"count":6,"href":"https:\/\/jornaldeitaipava.com.br\/index.php\/wp-json\/wp\/v2\/posts\/38281\/revisions"}],"predecessor-version":[{"id":38290,"href":"https:\/\/jornaldeitaipava.com.br\/index.php\/wp-json\/wp\/v2\/posts\/38281\/revisions\/38290"}],"wp:featuredmedia":[{"embeddable":true,"href":"https:\/\/jornaldeitaipava.com.br\/index.php\/wp-json\/wp\/v2\/media\/38282"}],"wp:attachment":[{"href":"https:\/\/jornaldeitaipava.com.br\/index.php\/wp-json\/wp\/v2\/media?parent=38281"}],"wp:term":[{"taxonomy":"category","embeddable":true,"href":"https:\/\/jornaldeitaipava.com.br\/index.php\/wp-json\/wp\/v2\/categories?post=38281"},{"taxonomy":"post_tag","embeddable":true,"href":"https:\/\/jornaldeitaipava.com.br\/index.php\/wp-json\/wp\/v2\/tags?post=38281"}],"curies":[{"name":"wp","href":"https:\/\/api.w.org\/{rel}","templated":true}]}}