{"id":38291,"date":"2024-02-09T14:03:38","date_gmt":"2024-02-09T17:03:38","guid":{"rendered":"http:\/\/jornaldeitaipava.com.br\/?p=38291"},"modified":"2024-02-09T14:03:40","modified_gmt":"2024-02-09T17:03:40","slug":"conexao-esportes-abre-vagas-para-atividades-gratuitas-em-pedro-do-rio","status":"publish","type":"post","link":"https:\/\/jornaldeitaipava.com.br\/index.php\/2024\/02\/09\/conexao-esportes-abre-vagas-para-atividades-gratuitas-em-pedro-do-rio\/","title":{"rendered":"Conex\u00e3o Esportes abre vagas para atividades gratuitas em Pedro do Rio"},"content":{"rendered":"\n<p>A Prefeitura, por meio da Secretaria de Esportes, abre vagas em atividades esportivas gratuitas para crian\u00e7as e adolescentes em Pedro do Rio. As inscri\u00e7\u00f5es e o in\u00edcio das aulas do Conex\u00e3o Esportes ter\u00e3o in\u00edcio no dia 19 de fevereiro. A faixa et\u00e1ria do projeto \u00e9 de 8 a 17 anos e para inscrever-se, \u00e9 necess\u00e1rio comparecer ao Esporte Clube Pedro do Rio (Rua Vereador Carlos Canedo, 600) a partir da data, e apresentar documento de identidade ou certid\u00e3o de nascimento. O hor\u00e1rio de atendimento ser\u00e1 nas segundas, ter\u00e7as e quartas-feiras: de 13h30 \u00e0s 17h15 e nas sexta-feiras: de 14h30 \u00e0s 18h30.<br>O Conex\u00e3o Esportes tem como objetivo promover a pr\u00e1tica esportiva e estimular valores como trabalho em equipe e respeito m\u00fatuo. \u201cAcreditamos que o esporte muda vidas e transforma realidades. E por isso essa \u00e9 uma a\u00e7\u00e3o de grande import\u00e2ncia, principalmente para as crian\u00e7as e adolescentes da regi\u00e3o de Pedro do Rio, p\u00fablico alvo do projeto\u201d, comentou o prefeito Rubens Bomtempo.<br>As atividades oferecidas ser\u00e3o: voleibol (\u00e0s segundas), futsal (\u00e0s ter\u00e7as e sextas), handebol (\u00e0s quartas), xadrez (\u00e0s sextas). \u201cAtrav\u00e9s do Conex\u00e3o Esportes queremos criar um ambiente em que crian\u00e7as e adolescentes possam desenvolver suas habilidades e aprendizados. \u00c9 uma grande oportunidade para o desenvolvimento de valores e conviv\u00eancia em sociedade\u201d, finalizou o secret\u00e1rio de Esportes Thiago Fran\u00e7a.<br>Para mais informa\u00e7\u00f5es sobre as inscri\u00e7\u00f5es nas atividades do Conex\u00e3o Esportes, os interessados poder\u00e3o entrar em contato pelo WhatsApp: (24) 98829-2075.<\/p>\n","protected":false},"excerpt":{"rendered":"<p>A Prefeitura, por meio da Secretaria de Esportes, abre vagas em atividades esportivas gratuitas para<\/p>\n","protected":false},"author":1,"featured_media":15949,"comment_status":"closed","ping_status":"open","sticky":false,"template":"","format":"standard","meta":{"spay_email":"","footnotes":"","jetpack_publicize_message":""},"categories":[9],"tags":[],"jetpack_featured_media_url":"https:\/\/i2.wp.com\/jornaldeitaipava.com.br\/wp-content\/uploads\/2021\/06\/ESPORTES2.png?fit=471%2C303&ssl=1","jetpack_publicize_connections":[],"jetpack_sharing_enabled":true,"jetpack_likes_enabled":true,"jetpack-related-posts":[],"_links":{"self":[{"href":"https:\/\/jornaldeitaipava.com.br\/index.php\/wp-json\/wp\/v2\/posts\/38291"}],"collection":[{"href":"https:\/\/jornaldeitaipava.com.br\/index.php\/wp-json\/wp\/v2\/posts"}],"about":[{"href":"https:\/\/jornaldeitaipava.com.br\/index.php\/wp-json\/wp\/v2\/types\/post"}],"author":[{"embeddable":true,"href":"https:\/\/jornaldeitaipava.com.br\/index.php\/wp-json\/wp\/v2\/users\/1"}],"replies":[{"embeddable":true,"href":"https:\/\/jornaldeitaipava.com.br\/index.php\/wp-json\/wp\/v2\/comments?post=38291"}],"version-history":[{"count":1,"href":"https:\/\/jornaldeitaipava.com.br\/index.php\/wp-json\/wp\/v2\/posts\/38291\/revisions"}],"predecessor-version":[{"id":38292,"href":"https:\/\/jornaldeitaipava.com.br\/index.php\/wp-json\/wp\/v2\/posts\/38291\/revisions\/38292"}],"wp:featuredmedia":[{"embeddable":true,"href":"https:\/\/jornaldeitaipava.com.br\/index.php\/wp-json\/wp\/v2\/media\/15949"}],"wp:attachment":[{"href":"https:\/\/jornaldeitaipava.com.br\/index.php\/wp-json\/wp\/v2\/media?parent=38291"}],"wp:term":[{"taxonomy":"category","embeddable":true,"href":"https:\/\/jornaldeitaipava.com.br\/index.php\/wp-json\/wp\/v2\/categories?post=38291"},{"taxonomy":"post_tag","embeddable":true,"href":"https:\/\/jornaldeitaipava.com.br\/index.php\/wp-json\/wp\/v2\/tags?post=38291"}],"curies":[{"name":"wp","href":"https:\/\/api.w.org\/{rel}","templated":true}]}}