{"id":38308,"date":"2024-02-14T12:27:47","date_gmt":"2024-02-14T15:27:47","guid":{"rendered":"http:\/\/jornaldeitaipava.com.br\/?p=38308"},"modified":"2024-02-14T12:27:52","modified_gmt":"2024-02-14T15:27:52","slug":"eduardo-do-blog-denuncia-ao-mp-precariedade-na-cozinha-do-hospital-municipal-nelson-de-sa-earp","status":"publish","type":"post","link":"https:\/\/jornaldeitaipava.com.br\/index.php\/2024\/02\/14\/eduardo-do-blog-denuncia-ao-mp-precariedade-na-cozinha-do-hospital-municipal-nelson-de-sa-earp\/","title":{"rendered":"Eduardo do Blog denuncia ao MP precariedade na cozinha do Hospital Municipal N\u00e9lson de S\u00e1 Earp"},"content":{"rendered":"\n<p class=\"has-text-align-center\"><strong>Durante fiscaliza\u00e7\u00e3o realizada nesta semana, Vereador encontrou situa\u00e7\u00e3o de risco iminente para funcion\u00e1rios e usu\u00e1rios da Institui\u00e7\u00e3o.<\/strong><\/p>\n\n\n\n<p>O Vereador Eduardo do Blog enviou ao Minist\u00e9rio P\u00fablico do Estado uma Not\u00edcia de Fato, denunciando o ambiente insalubre encontrado durante fiscaliza\u00e7\u00e3o realizada na cozinha do Hospital Municipal Nelson de S\u00e1 Earp &#8211; HMNSE, no Centro de Petr\u00f3polis. Eduardo tamb\u00e9m est\u00e1 oficiando a Secretaria Municipal de Sa\u00fade e o Gabinete da Prefeitura, exigindo medidas urgentes.<\/p>\n\n\n\n<p>Durante a a\u00e7\u00e3o, o Vereador flagrou diversos problemas na unidade, desde o piso danificado e dificuldades no escoamento de \u00e1gua, at\u00e9 a falta de estrutura b\u00e1sica, como a falta de m\u00f3veis para sustentar as panelas, de modo que os funcion\u00e1rios precisaram utilizar caixotes de feira para servirem de apoio.<\/p>\n\n\n\n<p>O Parlamentar destaca imensa preocupa\u00e7\u00e3o sobre as condi\u00e7\u00f5es de descarte do lixo da cozinha, observando que latas de descarte v\u00eam sendo deixadas abertas em locais pr\u00f3ximos aos do preparo alimentar, causando preju\u00edzos \u00e0 qualidade e \u00e0 seguran\u00e7a das refei\u00e7\u00f5es do Hospital.<\/p>\n\n\n\n<p>O piso quebrado, com pe\u00e7as soltas, absorve a umidade. Al\u00e9m disso, a irregularidade do piso prejudica o escoamento de \u00e1gua, gerando risco de contamina\u00e7\u00e3o por agentes patol\u00f3gicos e de acidentes no local.<\/p>\n\n\n\n<p>A situa\u00e7\u00e3o \u00e9 similar \u00e0quela encontrada na cozinha do Hospital Alcides Carneiro, tamb\u00e9m fiscalizada pelo Vereador, em 2021 \u2013 onde hoje existe projeto para reforma ap\u00f3s den\u00fancia do parlamentar ao MPRJ.<\/p>\n\n\n\n<p>\u201c<em>Diante da grave&nbsp;<\/em><em>situa\u00e7\u00e3o&nbsp;<\/em><em>na estrutura da cozinha e pela insalubri<\/em><em>dade do local, assim como fiz no caso do HAC, estou formalizando uma \u201cNot\u00edcia de Fato\u201d ao Minist\u00e9rio P\u00fablico, buscando apoio do \u00f3rg\u00e3o para obrigar a Prefeitura a tomar as provid\u00eancias necess\u00e1rias \u00e0 cozinha do hospital. Foram muitos problemas encontrados, dentre eles o piso quebrado, falta de estrutura mobili\u00e1ria, al\u00e9m de um ambiente insalubre que causa risco aos usu\u00e1rios do Hospital e aos pr\u00f3prios funcion\u00e1rios\u201d,<\/em>&nbsp;disse Eduardo.<\/p>\n\n\n\n<p>A \u00faltima reforma no HMNSE &#8211; que abrangeu tamb\u00e9m cozinha e refeit\u00f3rio &#8211; ocorreu em 2021. Segundo n\u00fameros da Secretaria de Sa\u00fade, a cozinha do Nelson de S\u00e1 Earp serve cerca de 300 refei\u00e7\u00f5es di\u00e1rias.&nbsp;<\/p>\n","protected":false},"excerpt":{"rendered":"<p>Durante fiscaliza\u00e7\u00e3o realizada nesta semana, Vereador encontrou situa\u00e7\u00e3o de risco iminente para funcion\u00e1rios e usu\u00e1rios<\/p>\n","protected":false},"author":1,"featured_media":38309,"comment_status":"closed","ping_status":"open","sticky":false,"template":"","format":"standard","meta":{"spay_email":"","footnotes":"","jetpack_publicize_message":""},"categories":[2],"tags":[],"jetpack_featured_media_url":"https:\/\/i2.wp.com\/jornaldeitaipava.com.br\/wp-content\/uploads\/2024\/02\/WhatsApp-Image-2024-02-08-at-16.42.30-4.jpeg?fit=1280%2C960&ssl=1","jetpack_publicize_connections":[],"jetpack_sharing_enabled":true,"jetpack_likes_enabled":true,"jetpack-related-posts":[],"_links":{"self":[{"href":"https:\/\/jornaldeitaipava.com.br\/index.php\/wp-json\/wp\/v2\/posts\/38308"}],"collection":[{"href":"https:\/\/jornaldeitaipava.com.br\/index.php\/wp-json\/wp\/v2\/posts"}],"about":[{"href":"https:\/\/jornaldeitaipava.com.br\/index.php\/wp-json\/wp\/v2\/types\/post"}],"author":[{"embeddable":true,"href":"https:\/\/jornaldeitaipava.com.br\/index.php\/wp-json\/wp\/v2\/users\/1"}],"replies":[{"embeddable":true,"href":"https:\/\/jornaldeitaipava.com.br\/index.php\/wp-json\/wp\/v2\/comments?post=38308"}],"version-history":[{"count":1,"href":"https:\/\/jornaldeitaipava.com.br\/index.php\/wp-json\/wp\/v2\/posts\/38308\/revisions"}],"predecessor-version":[{"id":38310,"href":"https:\/\/jornaldeitaipava.com.br\/index.php\/wp-json\/wp\/v2\/posts\/38308\/revisions\/38310"}],"wp:featuredmedia":[{"embeddable":true,"href":"https:\/\/jornaldeitaipava.com.br\/index.php\/wp-json\/wp\/v2\/media\/38309"}],"wp:attachment":[{"href":"https:\/\/jornaldeitaipava.com.br\/index.php\/wp-json\/wp\/v2\/media?parent=38308"}],"wp:term":[{"taxonomy":"category","embeddable":true,"href":"https:\/\/jornaldeitaipava.com.br\/index.php\/wp-json\/wp\/v2\/categories?post=38308"},{"taxonomy":"post_tag","embeddable":true,"href":"https:\/\/jornaldeitaipava.com.br\/index.php\/wp-json\/wp\/v2\/tags?post=38308"}],"curies":[{"name":"wp","href":"https:\/\/api.w.org\/{rel}","templated":true}]}}