{"id":38311,"date":"2024-02-14T12:41:21","date_gmt":"2024-02-14T15:41:21","guid":{"rendered":"http:\/\/jornaldeitaipava.com.br\/?p=38311"},"modified":"2024-02-14T12:41:23","modified_gmt":"2024-02-14T15:41:23","slug":"prf-orienta-motoristas-na-volta-para-casa-apos-o-carnaval","status":"publish","type":"post","link":"https:\/\/jornaldeitaipava.com.br\/index.php\/2024\/02\/14\/prf-orienta-motoristas-na-volta-para-casa-apos-o-carnaval\/","title":{"rendered":"PRF orienta motoristas na volta para casa ap\u00f3s o carnaval"},"content":{"rendered":"\n<p>Com o final do per\u00edodo do carnaval, a Pol\u00edcia Rodovi\u00e1ria Federal (PRF) orienta os motoristas que est\u00e3o retornando de viagem para casa a adotarem algumas medidas para reduzir o risco de acidentes. A primeira \u00e9 se for dirigir n\u00e3o beba. Tamb\u00e9m \u00e9 importante realizar uma revis\u00e3o preventiva no autom\u00f3vel, verificando entre outros itens os far\u00f3is; calibrar os pneus, que devem estar em bom estado de conserva\u00e7\u00e3o; motor revisado, com \u00f3leo e n\u00edvel da \u00e1gua do radiador em dia.<br>Para quem vai pegar a estrada, tamb\u00e9m \u00e9 imprescind\u00edvel o uso do cinto de seguran\u00e7a e verificar a presen\u00e7a e estado dos equipamentos obrigat\u00f3rios, como estepe, macaco, tri\u00e2ngulo e chave de roda, al\u00e9m dos limpadores de p\u00e1ra-brisa e luzes do ve\u00edculo. Os motociclistas e passageiros devem usar o capacete.<br>Durante a viagem, a orienta\u00e7\u00e3o \u00e9 para manter os far\u00f3is acesos para ver e ser visto, manter a aten\u00e7\u00e3o redobrada, observando as placas que indicam os limites de velocidade e as condi\u00e7\u00f5es de ultrapassagem.<br>Nos trechos em obras, o motorista deve reduzir a velocidade e obedecer a sinaliza\u00e7\u00e3o local. Em caso de chuva durante a viagem, a orienta\u00e7\u00e3o \u00e9 para que os motoristas transitem com velocidade moderada, sempre \u00e0 direita da via, manter os far\u00f3is acesos e dist\u00e2ncia segura do outro ve\u00edculo que segue \u00e0 frente. Tamb\u00e9m deve-se evitar manobras e freadas bruscas.<br>Para os condutores \u00e9 recomendada uma parada a cada 3 horas. \u201cBuscar evitar, na medida do poss\u00edvel, os hor\u00e1rios de pico. Dirigir cansado ou com sono aumenta o risco do motorista cometer erros\u201d, alerta a PRF.<br>\u201cO motorista deve se informar sobre as dist\u00e2ncias que vai percorrer e das condi\u00e7\u00f5es do tempo, pontos de parada, exist\u00eancia de postos de combust\u00edveis e de restaurantes \u00e0 beira da estrada. N\u00e3o esquecer a documenta\u00e7\u00e3o de identifica\u00e7\u00e3o pessoal e a do ve\u00edculo\u201d, orienta a PRF.<\/p>\n\n\n\n<p><strong>Opera\u00e7\u00e3o Carnaval 2024<br><\/strong>Desde sexta-feira (9), agentes da PRF realizam nas rodovias de todos o pa\u00eds a Opera\u00e7\u00e3o Carnaval 2024, que termina \u00e0s 23h59 desta Quarta-feira de Cinzas (14).<br>A opera\u00e7\u00e3o tem como foco o combate \u00e0 combina\u00e7\u00e3o \u00e1lcool e dire\u00e7\u00e3o, uma das principais causas de acidentes em 2023. No per\u00edodo carnavalesco do ano passado, a PRF autuou mais de 2 mil motoristas por dirigirem sob efeito de bebida alco\u00f3lica ou por recusarem fazer o teste do etil\u00f4metro, o popular baf\u00f4metro. A previs\u00e3o \u00e9 que o balan\u00e7o da opera\u00e7\u00e3o deste ano seja divulgado nesta quinta-feira (15).<br>Durante o carnaval de 2023, foram registradas 73 mortes durante os 6 dias do feriado, 1.085 ocorr\u00eancias de acidentes, diminui\u00e7\u00e3o de 6% em rela\u00e7\u00e3o a 2022. A quantidade de feridos tamb\u00e9m apresentou uma redu\u00e7\u00e3o de 2%, totalizando 1.260 pessoas atendidas.<br>Segundo a PRF, neste ano, al\u00e9m da fiscaliza\u00e7\u00e3o de alcoolemia, outras condutas tamb\u00e9m seriam alvo da fiscaliza\u00e7\u00e3o dos policiais, como a realiza\u00e7\u00e3o de ultrapassagens em locais proibidos e o desrespeito aos limites de velocidade das vias.<br>\u201cDa mesma forma, os agentes v\u00e3o verificar os itens obrigat\u00f3rios nos ve\u00edculos, a exemplo do cinto de seguran\u00e7a, estado de conserva\u00e7\u00e3o dos pneus, funcionamento do sistema de ilumina\u00e7\u00e3o, componentes imprescind\u00edveis para uma viagem segura\u201d, informou a pol\u00edcia.<\/p>\n\n\n\n<p>Da Ag\u00eancia Brasil<\/p>\n","protected":false},"excerpt":{"rendered":"<p>Com o final do per\u00edodo do carnaval, a Pol\u00edcia Rodovi\u00e1ria Federal (PRF) orienta os motoristas<\/p>\n","protected":false},"author":1,"featured_media":36750,"comment_status":"closed","ping_status":"open","sticky":false,"template":"","format":"standard","meta":{"spay_email":"","footnotes":"","jetpack_publicize_message":""},"categories":[24],"tags":[],"jetpack_featured_media_url":"https:\/\/i2.wp.com\/jornaldeitaipava.com.br\/wp-content\/uploads\/2023\/10\/prf_001_0.jpg?fit=1170%2C700&ssl=1","jetpack_publicize_connections":[],"jetpack_sharing_enabled":true,"jetpack_likes_enabled":true,"jetpack-related-posts":[],"_links":{"self":[{"href":"https:\/\/jornaldeitaipava.com.br\/index.php\/wp-json\/wp\/v2\/posts\/38311"}],"collection":[{"href":"https:\/\/jornaldeitaipava.com.br\/index.php\/wp-json\/wp\/v2\/posts"}],"about":[{"href":"https:\/\/jornaldeitaipava.com.br\/index.php\/wp-json\/wp\/v2\/types\/post"}],"author":[{"embeddable":true,"href":"https:\/\/jornaldeitaipava.com.br\/index.php\/wp-json\/wp\/v2\/users\/1"}],"replies":[{"embeddable":true,"href":"https:\/\/jornaldeitaipava.com.br\/index.php\/wp-json\/wp\/v2\/comments?post=38311"}],"version-history":[{"count":1,"href":"https:\/\/jornaldeitaipava.com.br\/index.php\/wp-json\/wp\/v2\/posts\/38311\/revisions"}],"predecessor-version":[{"id":38312,"href":"https:\/\/jornaldeitaipava.com.br\/index.php\/wp-json\/wp\/v2\/posts\/38311\/revisions\/38312"}],"wp:featuredmedia":[{"embeddable":true,"href":"https:\/\/jornaldeitaipava.com.br\/index.php\/wp-json\/wp\/v2\/media\/36750"}],"wp:attachment":[{"href":"https:\/\/jornaldeitaipava.com.br\/index.php\/wp-json\/wp\/v2\/media?parent=38311"}],"wp:term":[{"taxonomy":"category","embeddable":true,"href":"https:\/\/jornaldeitaipava.com.br\/index.php\/wp-json\/wp\/v2\/categories?post=38311"},{"taxonomy":"post_tag","embeddable":true,"href":"https:\/\/jornaldeitaipava.com.br\/index.php\/wp-json\/wp\/v2\/tags?post=38311"}],"curies":[{"name":"wp","href":"https:\/\/api.w.org\/{rel}","templated":true}]}}