{"id":38313,"date":"2024-02-14T12:46:11","date_gmt":"2024-02-14T15:46:11","guid":{"rendered":"http:\/\/jornaldeitaipava.com.br\/?p=38313"},"modified":"2024-02-14T12:46:13","modified_gmt":"2024-02-14T15:46:13","slug":"inss-comeca-a-pagar-beneficios-de-fevereiro-a-partir-do-dia-23","status":"publish","type":"post","link":"https:\/\/jornaldeitaipava.com.br\/index.php\/2024\/02\/14\/inss-comeca-a-pagar-beneficios-de-fevereiro-a-partir-do-dia-23\/","title":{"rendered":"INSS come\u00e7a a pagar benef\u00edcios de fevereiro a partir do dia 23"},"content":{"rendered":"\n<p>O Instituto Nacional do Seguro Social (INSS) come\u00e7a a pagar o benef\u00edcio de fevereiro a aposentados e pensionistas a partir do dia 23 de fevereiro, para quem ganha at\u00e9 um sal\u00e1rio m\u00ednimo.<br>Os pagamentos seguem at\u00e9 7 de mar\u00e7o. A ordem dos dep\u00f3sitos leva em conta o n\u00famero final do cart\u00e3o do benef\u00edcio, sem considerar o \u00faltimo d\u00edgito verificador, que fica depois do tra\u00e7o.<br>Recebem primeiro os aposentados e pensionistas com benef\u00edcio com d\u00edgito final 1.<br>Neste ano, o sal\u00e1rio m\u00ednimo foi reajustada para R$ 1.412. Para quem recebe acima de um sal\u00e1rio m\u00ednimo, os pagamentos come\u00e7am em 1\u00ba de mar\u00e7o e seguem at\u00e9 7 de mar\u00e7o. Nesse caso, o teto para benef\u00edcios pagos pelo INSS encontra-se em R$ 7.786,01.<br>Atualmente, o INSS paga todo m\u00eas mais de 39 milh\u00f5es de benef\u00edcios, dos quais 33,3 milh\u00f5es benef\u00edcios previdenci\u00e1rios e 5,6 milh\u00f5es em assistenciais. Os n\u00fameros se referem \u00e0 folha de pagamento de novembro, dados mais recentes j\u00e1 divulgados, e podem oscilar m\u00eas a m\u00eas.<br>Os valores a receber do INSS podem ser conferidos pelos benefici\u00e1rios na internet, por meio do Meu Inss, seja no computador, pelo site ou pelo aplicativo para celular.<br>Quem n\u00e3o tiver acesso \u00e0 internet pode ligar para a central 135 e fornecer o n\u00famero do CPF. Em seguida ser\u00e3o confirmadas informa\u00e7\u00f5es de cadastro para evitar fraudes. O atendimento est\u00e1 dispon\u00edvel de segunda-feira a s\u00e1bado, das 7h \u00e0s 22h.<br>Confira abaixo as datas para os pagamentos referentes ao m\u00eas de fevereiro:<\/p>\n\n\n\n<p><strong>At\u00e9 um sal\u00e1rio m\u00ednimo:<br><\/strong>23 de fevereiro &#8211; cart\u00e3o de final 1<br>26 de fevereiro &#8211; cart\u00e3o de final 2<br>27 de fevereiro &#8211; cart\u00e3o de final 3<br>28 de fevereiro &#8211; cart\u00e3o de final 4<br>29 de fevereiro &#8211; cart\u00e3o de final 5<br>1\u00ba de mar\u00e7o &#8211; cart\u00e3o de final 6<br>4 de mar\u00e7o &#8211; cart\u00e3o de final 7<br>5 de mar\u00e7o &#8211; cart\u00e3o de final 8<br>6 de mar\u00e7o &#8211; cart\u00e3o de final 9<br>7 de mar\u00e7o &#8211; cart\u00e3o de final 0<br>Mais de um sal\u00e1rio m\u00ednimo:<br>1\u00ba de mar\u00e7o &#8211; cart\u00e3o de final 1 e 6<br>4 de mar\u00e7o &#8211; cart\u00e3o de final 2 e 7<br>5 de mar\u00e7o &#8211; cart\u00e3o de final 3 e 8<br>6 de mar\u00e7o &#8211; cart\u00e3o de final 4 e 9<br>7 de mar\u00e7o &#8211; cart\u00e3o de final 5 e 0<\/p>\n\n\n\n<p>Da Ag\u00eancia Brasil<\/p>\n","protected":false},"excerpt":{"rendered":"<p>O Instituto Nacional do Seguro Social (INSS) come\u00e7a a pagar o benef\u00edcio de fevereiro a<\/p>\n","protected":false},"author":1,"featured_media":13542,"comment_status":"closed","ping_status":"open","sticky":false,"template":"","format":"standard","meta":{"spay_email":"","footnotes":"","jetpack_publicize_message":""},"categories":[9],"tags":[],"jetpack_featured_media_url":"https:\/\/i0.wp.com\/jornaldeitaipava.com.br\/wp-content\/uploads\/2021\/04\/DINHEIRO-1.jpg?fit=1170%2C700&ssl=1","jetpack_publicize_connections":[],"jetpack_sharing_enabled":true,"jetpack_likes_enabled":true,"jetpack-related-posts":[],"_links":{"self":[{"href":"https:\/\/jornaldeitaipava.com.br\/index.php\/wp-json\/wp\/v2\/posts\/38313"}],"collection":[{"href":"https:\/\/jornaldeitaipava.com.br\/index.php\/wp-json\/wp\/v2\/posts"}],"about":[{"href":"https:\/\/jornaldeitaipava.com.br\/index.php\/wp-json\/wp\/v2\/types\/post"}],"author":[{"embeddable":true,"href":"https:\/\/jornaldeitaipava.com.br\/index.php\/wp-json\/wp\/v2\/users\/1"}],"replies":[{"embeddable":true,"href":"https:\/\/jornaldeitaipava.com.br\/index.php\/wp-json\/wp\/v2\/comments?post=38313"}],"version-history":[{"count":1,"href":"https:\/\/jornaldeitaipava.com.br\/index.php\/wp-json\/wp\/v2\/posts\/38313\/revisions"}],"predecessor-version":[{"id":38314,"href":"https:\/\/jornaldeitaipava.com.br\/index.php\/wp-json\/wp\/v2\/posts\/38313\/revisions\/38314"}],"wp:featuredmedia":[{"embeddable":true,"href":"https:\/\/jornaldeitaipava.com.br\/index.php\/wp-json\/wp\/v2\/media\/13542"}],"wp:attachment":[{"href":"https:\/\/jornaldeitaipava.com.br\/index.php\/wp-json\/wp\/v2\/media?parent=38313"}],"wp:term":[{"taxonomy":"category","embeddable":true,"href":"https:\/\/jornaldeitaipava.com.br\/index.php\/wp-json\/wp\/v2\/categories?post=38313"},{"taxonomy":"post_tag","embeddable":true,"href":"https:\/\/jornaldeitaipava.com.br\/index.php\/wp-json\/wp\/v2\/tags?post=38313"}],"curies":[{"name":"wp","href":"https:\/\/api.w.org\/{rel}","templated":true}]}}