{"id":38315,"date":"2024-02-14T12:56:11","date_gmt":"2024-02-14T15:56:11","guid":{"rendered":"http:\/\/jornaldeitaipava.com.br\/?p=38315"},"modified":"2024-02-14T12:56:14","modified_gmt":"2024-02-14T15:56:14","slug":"mudancas-climaticas-podem-ampliar-infestacao-de-mosquito-aedes-no-rio","status":"publish","type":"post","link":"https:\/\/jornaldeitaipava.com.br\/index.php\/2024\/02\/14\/mudancas-climaticas-podem-ampliar-infestacao-de-mosquito-aedes-no-rio\/","title":{"rendered":"Mudan\u00e7as clim\u00e1ticas podem ampliar infesta\u00e7\u00e3o de mosquito Aedes no Rio"},"content":{"rendered":"\n<p>As mudan\u00e7as clim\u00e1ticas v\u00e3o aumentar a frequ\u00eancia de dias mais quentes no Rio de Janeiro, nos pr\u00f3ximos anos, e isso tem o potencial de amplia\u00e7\u00e3o da da popula\u00e7\u00e3o de mosquito Aedes aegypti e a transmiss\u00e3o da dengue no estado. A conclus\u00e3o \u00e9 de estudo realizado pelos pesquisadores Antonio Carlos Oscar J\u00fanior, da Universidade do Estado do Rio de Janeiro (Uerj), e Francisco de Assis Mendon\u00e7a, da Universidade Federal do Paran\u00e1 (UFPR)<br>A pesquisa, publicada em 2021 utiliza modelos de previs\u00e3o clim\u00e1tica para as pr\u00f3ximas d\u00e9cadas e uma avalia\u00e7\u00e3o sobre o potencial impacto \u00e0 eclos\u00e3o de ovos do mosquito Aedes, transmissor da dengue, e ao ciclo de vida do inseto, para estimar a ocorr\u00eancia da doen\u00e7a at\u00e9 2070.<br>Segundo a pesquisa, um dos principais fatores para o aumento da prolifera\u00e7\u00e3o do mosquito \u00e9 a temperatura. No Rio de Janeiro, a previs\u00e3o \u00e9 de aumentos das temperaturas m\u00e9dia e m\u00ednima nos pr\u00f3ximos anos, o que favoreceria o ciclo de reprodu\u00e7\u00e3o do Aedes.<br>A melhor forma de combater a dengue \u00e9 impedir a reprodu\u00e7\u00e3o do mosquito. Foto: Arte\/EBC<br>Com isso, o per\u00edodo de inverno, quando historicamente h\u00e1 menos infec\u00e7\u00e3o pelo v\u00edrus da dengue, dever\u00e1 passar a ter dias mais quentes, o que ampliar\u00e1 a janela de temperatura \u00f3tima para a infesta\u00e7\u00e3o pelo mosquito Aedes e, consequentemente, o potencial para novos casos da doen\u00e7a nessa esta\u00e7\u00e3o.<br>O aumento da temperatura no estado tamb\u00e9m poder\u00e1 expandir a ocorr\u00eancia do mosquito em locais do territ\u00f3rio fluminense onde hoje \u00e9 limitada por causa do frio, como a regi\u00e3o serrana, o sul fluminense e o noroeste do estado.<br>\u201cProvavelmente, at\u00e9 2070, vai ser ampliada a popula\u00e7\u00e3o do estado exposta \u00e0 dengue. Eu n\u00e3o posso falar que vai ter um aumento no n\u00famero de infec\u00e7\u00f5es ou um aumento no n\u00famero de mortes. O que posso dizer \u00e9 que s\u00e3o desenvolvidas condi\u00e7\u00f5es ambientais adequadas para um aumento da popula\u00e7\u00e3o do mosquito. Como aumenta o vetor, tem uma maior difus\u00e3o do v\u00edrus e uma maior exposi\u00e7\u00e3o da popula\u00e7\u00e3o ao v\u00edrus\u201d, afirmou.<br>A publica\u00e7\u00e3o do estudo, em 2021, n\u00e3o encerrou a pesquisa, que continua coletando dados clim\u00e1ticos e sua rela\u00e7\u00e3o com a ocorr\u00eancia do Aedes aegypti. O professor Oscar J\u00fanior coordena uma rede de esta\u00e7\u00f5es que fazem monitoramento meteorol\u00f3gico e possuem ovitrampas (armadilhas para mosquitos).<br>A rede de monitoramento hoje funciona em cerca de dez esta\u00e7\u00f5es no Grande Rio e nas regi\u00f5es sul, serrana e dos Lagos. A meta \u00e9 expandi-la para outras regi\u00f5es do estado. Al\u00e9m de contribuir para o entendimento entre a rela\u00e7\u00e3o do mosquito com o clima, o sistema poder\u00e1 ser usado para alertar autoridades sanit\u00e1rias sobre riscos de infesta\u00e7\u00e3o de Aedes aegypti, atrav\u00e9s de relat\u00f3rios peri\u00f3dicos.<br>\u201cAtrav\u00e9s dessa rede de monitoramento, a gente quer criar um sistema de alerta para que a gente possa diuturnamente, semanalmente avaliar o risco de desenvolvimento do Aedes aegypti e, portanto, de infec\u00e7\u00e3o\u201d, explica Oscar J\u00fanior. \u201cA gente acredita que esse sistema de alerta vai ser um produto \u00fatil e pr\u00e1tico pra fornecer informa\u00e7\u00f5es semanalmente para que sejam tomadas decis\u00f5es e possam atuar em rela\u00e7\u00e3o ao risco de um aumento do n\u00famero de casos de dengue\u201d.<br>A ideia \u00e9 come\u00e7ar a emitir relat\u00f3rios semanais, a partir dos dados coletados na rede de monitoramento, j\u00e1 no pr\u00f3ximo semestre.<br>Segundo Oscar J\u00fanior, independentemente da imuniza\u00e7\u00e3o da popula\u00e7\u00e3o contra a dengue, que deve come\u00e7ar neste m\u00eas em algumas cidades brasileiras, o monitoramento do mosquito continua sendo importante, n\u00e3o s\u00f3 por causa da dengue, mas tamb\u00e9m devido a outras arboviroses transmitidas pelo Aedes, como a zika, a chikungunya e a febre amarela.<\/p>\n\n\n\n<p>Da Ag\u00eancia Brasil<\/p>\n","protected":false},"excerpt":{"rendered":"<p>As mudan\u00e7as clim\u00e1ticas v\u00e3o aumentar a frequ\u00eancia de dias mais quentes no Rio de Janeiro,<\/p>\n","protected":false},"author":1,"featured_media":27124,"comment_status":"closed","ping_status":"open","sticky":false,"template":"","format":"standard","meta":{"spay_email":"","footnotes":"","jetpack_publicize_message":""},"categories":[24],"tags":[],"jetpack_featured_media_url":"https:\/\/i2.wp.com\/jornaldeitaipava.com.br\/wp-content\/uploads\/2022\/04\/dengue.jpg?fit=1199%2C674&ssl=1","jetpack_publicize_connections":[],"jetpack_sharing_enabled":true,"jetpack_likes_enabled":true,"jetpack-related-posts":[],"_links":{"self":[{"href":"https:\/\/jornaldeitaipava.com.br\/index.php\/wp-json\/wp\/v2\/posts\/38315"}],"collection":[{"href":"https:\/\/jornaldeitaipava.com.br\/index.php\/wp-json\/wp\/v2\/posts"}],"about":[{"href":"https:\/\/jornaldeitaipava.com.br\/index.php\/wp-json\/wp\/v2\/types\/post"}],"author":[{"embeddable":true,"href":"https:\/\/jornaldeitaipava.com.br\/index.php\/wp-json\/wp\/v2\/users\/1"}],"replies":[{"embeddable":true,"href":"https:\/\/jornaldeitaipava.com.br\/index.php\/wp-json\/wp\/v2\/comments?post=38315"}],"version-history":[{"count":1,"href":"https:\/\/jornaldeitaipava.com.br\/index.php\/wp-json\/wp\/v2\/posts\/38315\/revisions"}],"predecessor-version":[{"id":38316,"href":"https:\/\/jornaldeitaipava.com.br\/index.php\/wp-json\/wp\/v2\/posts\/38315\/revisions\/38316"}],"wp:featuredmedia":[{"embeddable":true,"href":"https:\/\/jornaldeitaipava.com.br\/index.php\/wp-json\/wp\/v2\/media\/27124"}],"wp:attachment":[{"href":"https:\/\/jornaldeitaipava.com.br\/index.php\/wp-json\/wp\/v2\/media?parent=38315"}],"wp:term":[{"taxonomy":"category","embeddable":true,"href":"https:\/\/jornaldeitaipava.com.br\/index.php\/wp-json\/wp\/v2\/categories?post=38315"},{"taxonomy":"post_tag","embeddable":true,"href":"https:\/\/jornaldeitaipava.com.br\/index.php\/wp-json\/wp\/v2\/tags?post=38315"}],"curies":[{"name":"wp","href":"https:\/\/api.w.org\/{rel}","templated":true}]}}