{"id":38318,"date":"2024-02-16T10:00:36","date_gmt":"2024-02-16T13:00:36","guid":{"rendered":"http:\/\/jornaldeitaipava.com.br\/?p=38318"},"modified":"2024-02-16T10:00:39","modified_gmt":"2024-02-16T13:00:39","slug":"hingo-hammes-e-pre-candidato-a-prefeito-pelo-pp","status":"publish","type":"post","link":"https:\/\/jornaldeitaipava.com.br\/index.php\/2024\/02\/16\/hingo-hammes-e-pre-candidato-a-prefeito-pelo-pp\/","title":{"rendered":"Hingo Hammes \u00e9 pr\u00e9-candidato a prefeito pelo PP"},"content":{"rendered":"\n<p>O vereador Hingo Hammes est\u00e1 se filiando ao Progressistas e foi confirmado como pr\u00e9-candidato do partido a prefeito de Petr\u00f3polis. A informa\u00e7\u00e3o foi confirmada nesta semana na sede do partido, no Rio, em encontro com o presidente nacional do PP, senador Ciro Nogueira, e o presidente estadual da sigla, o deputado federal Dr. Luizinho.<br>Ao anunciar a filia\u00e7\u00e3o e a pr\u00e9-candidatura de Hingo Hammes \u00e0 Prefeitura de Petr\u00f3polis, Dr. Luizinho falou sobre o desejo da popula\u00e7\u00e3o de ter nomes que representem a renova\u00e7\u00e3o da pol\u00edtica e afirmou que Hingo representa a esperan\u00e7a na cidade.<br>&#8220;As pessoas depositam em voc\u00ea toda a confian\u00e7a. Sabem que voc\u00ea ter\u00e1 capacidade de fazer uma revolu\u00e7\u00e3o em Petr\u00f3polis, tirando a cidade do cen\u00e1rio em que est\u00e1, que \u00e9 muito confuso. Sabemos da sua compet\u00eancia e voc\u00ea tem todo o nosso apoio&#8221;, afirmou o presidente estadual do PP, Dr. Luizinho, ao lado do presidente nacional da sigla e tamb\u00e9m do presidente do diret\u00f3rio municipal, Cl\u00e1udio Magnavita, al\u00e9m do secret\u00e1rio estadual de Turismo, Gustavo Tutuca.<br>Ciro Nogueira afirmou que a chegada de Hingo Hammes ao partido fortalece a sigla e representa um passo importante para o desenvolvimento de Petr\u00f3polis. &#8220;Com o seu trabalho, tenho certeza de que Petr\u00f3polis ter\u00e1 um crescimento jamais visto&#8221;, afirmou.<br>Hingo Hammes, que foi prefeito interino de Petr\u00f3polis por pouco mais de 11 meses em 2021 agradeceu a confian\u00e7a do partido e reafirmou seu compromisso com a cidade. &#8220;Conheci Dr. Luizinho em 2021, em um momento dif\u00edcil da cidade, em meio \u00e0 pandemia. Trabalhamos juntos e conquistamos recursos que at\u00e9 hoje s\u00e3o importantes para a \u00e1rea de sa\u00fade. Mantenho, hoje, a mesma disposi\u00e7\u00e3o para trabalhar. Sei que podemos fazer muito por Petr\u00f3polis&#8221;, frisou.<br>O encontro na sede do PP no Rio tamb\u00e9m contou com a presen\u00e7a do depurado federal Bebeto e do deputado estadual Carlinhos BNH.<\/p>\n","protected":false},"excerpt":{"rendered":"<p>O vereador Hingo Hammes est\u00e1 se filiando ao Progressistas e foi confirmado como pr\u00e9-candidato do<\/p>\n","protected":false},"author":1,"featured_media":38319,"comment_status":"closed","ping_status":"open","sticky":false,"template":"","format":"standard","meta":{"spay_email":"","footnotes":"","jetpack_publicize_message":""},"categories":[24],"tags":[],"jetpack_featured_media_url":"https:\/\/i1.wp.com\/jornaldeitaipava.com.br\/wp-content\/uploads\/2024\/02\/WhatsApp-Image-2024-02-16-at-08.03.52.jpeg?fit=1280%2C960&ssl=1","jetpack_publicize_connections":[],"jetpack_sharing_enabled":true,"jetpack_likes_enabled":true,"jetpack-related-posts":[],"_links":{"self":[{"href":"https:\/\/jornaldeitaipava.com.br\/index.php\/wp-json\/wp\/v2\/posts\/38318"}],"collection":[{"href":"https:\/\/jornaldeitaipava.com.br\/index.php\/wp-json\/wp\/v2\/posts"}],"about":[{"href":"https:\/\/jornaldeitaipava.com.br\/index.php\/wp-json\/wp\/v2\/types\/post"}],"author":[{"embeddable":true,"href":"https:\/\/jornaldeitaipava.com.br\/index.php\/wp-json\/wp\/v2\/users\/1"}],"replies":[{"embeddable":true,"href":"https:\/\/jornaldeitaipava.com.br\/index.php\/wp-json\/wp\/v2\/comments?post=38318"}],"version-history":[{"count":1,"href":"https:\/\/jornaldeitaipava.com.br\/index.php\/wp-json\/wp\/v2\/posts\/38318\/revisions"}],"predecessor-version":[{"id":38320,"href":"https:\/\/jornaldeitaipava.com.br\/index.php\/wp-json\/wp\/v2\/posts\/38318\/revisions\/38320"}],"wp:featuredmedia":[{"embeddable":true,"href":"https:\/\/jornaldeitaipava.com.br\/index.php\/wp-json\/wp\/v2\/media\/38319"}],"wp:attachment":[{"href":"https:\/\/jornaldeitaipava.com.br\/index.php\/wp-json\/wp\/v2\/media?parent=38318"}],"wp:term":[{"taxonomy":"category","embeddable":true,"href":"https:\/\/jornaldeitaipava.com.br\/index.php\/wp-json\/wp\/v2\/categories?post=38318"},{"taxonomy":"post_tag","embeddable":true,"href":"https:\/\/jornaldeitaipava.com.br\/index.php\/wp-json\/wp\/v2\/tags?post=38318"}],"curies":[{"name":"wp","href":"https:\/\/api.w.org\/{rel}","templated":true}]}}