{"id":38333,"date":"2024-02-16T10:12:55","date_gmt":"2024-02-16T13:12:55","guid":{"rendered":"http:\/\/jornaldeitaipava.com.br\/?p=38333"},"modified":"2024-02-16T10:12:59","modified_gmt":"2024-02-16T13:12:59","slug":"tragedia-de-petropolis-completa-dois-anos-lei-sobre-racismo-ambiental-pretende-chamar-a-atencao-sobre-problema-recorrente-na-cidade","status":"publish","type":"post","link":"https:\/\/jornaldeitaipava.com.br\/index.php\/2024\/02\/16\/tragedia-de-petropolis-completa-dois-anos-lei-sobre-racismo-ambiental-pretende-chamar-a-atencao-sobre-problema-recorrente-na-cidade\/","title":{"rendered":"Trag\u00e9dia de Petr\u00f3polis completa dois anos: Lei sobre racismo ambiental pretende chamar a aten\u00e7\u00e3o sobre problema recorrente na cidade"},"content":{"rendered":"\n<p>Em 2022, a cidade teve mais de 240 mortes ap\u00f3s grandes tempestades, em menos de um m\u00eas.<br>Tr\u00eas horas de chuva que equivaleram a previs\u00e3o de todo um m\u00eas. Em Petr\u00f3polis, na Regi\u00e3o Serrana do Rio, os \u00faltimos 730 dias foram de ang\u00fastia para centenas de fam\u00edlias. Nesta quinta-feira (15), o sil\u00eancio ecoou como uma eterna busca por respostas de quem j\u00e1 vive dois anos da maior trag\u00e9dia clim\u00e1tica do munic\u00edpio, com 235 mortes registradas e feridas que seguem abertas nos quatro cantos da cidade, que carrega a alcunha de Imperial.<br>Dentre as principais localidades atingidas, o Morro da Oficina no Alto da Serra, perdeu parte de sua hist\u00f3ria e teve mais de 80 casas destru\u00eddas. O epis\u00f3dio, que ganhou repercuss\u00e3o nacional, tamb\u00e9m carrega como cena emblem\u00e1tica dois \u00f4nibus que foram arrastados para dentro do Rio Quitandinha, que n\u00e3o suportou o volume de \u00e1gua e tamb\u00e9m fez v\u00edtimas fatais como o jovem Gabriel Villa Real.<br>O hist\u00f3rico do munic\u00edpio revela que o problema com as chuvas j\u00e1 \u00e9 antigo, sendo registrado pelo Imperador Dom Pedro II em 1862, quando escreveu em seu di\u00e1rio: \u201cOntem de noite houve grande enchente. Subiu tr\u00eas palmos acima da parte da Rua do Imperador do lado da Ren\u00e2nia; e um homem caiu no canal, devendo a vida a saber nadar e aos socorros que lhe prestaram&#8221;. Ou seja, passam-se anos e enquanto sobram registros de pessoas sem casas, mortas ou sem entes queridos, esgotam-se as medidas que sejam realmente efetivas na solu\u00e7\u00e3o e mitiga\u00e7\u00e3o dos casos que se acumulam em epis\u00f3dios como 1988, 2001, 2011, 2013, 2022 e n\u00e3o se sabe mais em quantos anos podem ocorrer.<br>Sonia da Cristina da Silva Furtado, moradora do bairro Manoel Torres, sentiu na pele o drama da trag\u00e9dia em 1988, quando estava gr\u00e1vida. \u201cFiquei soterrada e apenas minha cabe\u00e7a para fora. Quando minha filha fez tr\u00eas anos, descobri que era deficiente auditiva e h\u00e1 poucos anos, foi diagnosticado que ela est\u00e1 cega de um dos olhos. Em 2011, ajudei diversas v\u00edtimas com doa\u00e7\u00f5es, estava l\u00e1 prestando meu apoio as v\u00edtimas do Cuiab\u00e1. E em 2022, al\u00e9m de ter perdido v\u00e1rios amigos e conhecidos, quase fui uma v\u00edtima novamente, pois estava indo para uma consulta m\u00e9dica. O que me salvou foi ter positivado para Covid-19 quando cheguei ao ambulat\u00f3rio e precisei voltar para casa\u201d, conta.<br>O sentimento de impot\u00eancia, se tornou combust\u00edvel para que for\u00e7as se unissem na busca por respostas. Com um direcionamento sobre a necessidade de buscar pol\u00edticas p\u00fablicas e trazer \u00e0 tona a discuss\u00e3o sobre o racismo ambiental e a import\u00e2ncia da justi\u00e7a clim\u00e1tica, o Instituto Todos Juntos Ningu\u00e9m Sozinho, que atuou na linha de frente com assist\u00eancia \u00e0s fam\u00edlias com doa\u00e7\u00f5es de alimentos, roupas e outros, ampliou as atividades e atrav\u00e9s do setor de &#8220;Advocacy&#8221;, se moveu para ir al\u00e9m, cobrando que a\u00e7\u00f5es deixem de estar apenas nos discursos e possam se materializar. Fruto disso foi a Lei N.\u00ba 8.675 de 15 de dezembro de 2023, que institui o Dia Municipal de Enfrentamento ao Racismo Ambiental no Calend\u00e1rio Municipal de Petr\u00f3polis, a ser celebrado pela primeira vez no dia 20 de mar\u00e7o, quando se completam dois anos da segunda grande chuva registrada em 2022, com mais novas mortes.<br>\u201cNossa \u00e1rea de Advocacy trabalhou muito e conseguimos junto ao mandato da Coletiva Feminista Popular, na C\u00e2mara Municipal, provocar o reconhecimento de um problema que h\u00e1 anos assola a cidade, deixa centenas de v\u00edtimas fatais e desabrigados ano ap\u00f3s ano. Um aspecto que nunca foi discutido \u00e9 que a maioria dessas pessoas s\u00e3o pessoas negras que moram em comunidades na cidade, muitas vivendo trag\u00e9dias seguidas e se deslocando sem condi\u00e7\u00f5es dignas para novas moradias em \u00e1reas de risco. A lei traz peso para que o poder p\u00fablico busque solu\u00e7\u00f5es e pol\u00edticas p\u00fablicas eficazes. Desde ent\u00e3o, n\u00e3o paramos com um movimento de educa\u00e7\u00e3o ambiental, racial e clim\u00e1tica, com foco em atingir os representantes do executivo e legislativo, movendo medidas para adapta\u00e7\u00e3o clim\u00e1tica e preven\u00e7\u00e3o\u201d, explica.<br>Segundo o texto da Lei, a data de conscientiza\u00e7\u00e3o passa a integrar o calend\u00e1rio oficial de eventos do munic\u00edpio, com a realiza\u00e7\u00e3o de atividades em prol do movimento. \u201cN\u00f3s precisamos fazer com que o poder p\u00fablico olhe para n\u00f3s, v\u00edtimas que sofremos com as chuvas, de forma eficiente. Quem mora em \u00e1reas perif\u00e9ricas, sem d\u00favidas, vai ser atingido de uma maneira diferente daqueles que vivem as margens do asfalto. Essas pessoas s\u00e3o em boa parte negras e de classe econ\u00f4mica pobre. Elas s\u00e3o quem precisam pegar o transporte p\u00fablico, enfrentar horas no tr\u00e2nsito em deslocamento, sair de um bairro e trabalhar em outro, sofrendo de forma diferente quando ocorrem esses epis\u00f3dios. N\u00e3o d\u00e1 para tratar tudo de forma \u00fanica, \u00e9 preciso agir com entendimento e humaniza\u00e7\u00e3o a essas pessoas. E tamb\u00e9m \u00e9 preciso entender que, mesmo que a casa n\u00e3o caia, mas esteja em \u00e1rea de risco, essa pessoa tamb\u00e9m sofre como uma v\u00edtima que em boa parte dos casos, est\u00e1 ali pois n\u00e3o tem para onde ir\u201d, pontua P\u00e2mela.<\/p>\n","protected":false},"excerpt":{"rendered":"<p>Em 2022, a cidade teve mais de 240 mortes ap\u00f3s grandes tempestades, em menos de<\/p>\n","protected":false},"author":1,"featured_media":26669,"comment_status":"closed","ping_status":"open","sticky":false,"template":"","format":"standard","meta":{"spay_email":"","footnotes":"","jetpack_publicize_message":""},"categories":[24],"tags":[],"jetpack_featured_media_url":"https:\/\/i0.wp.com\/jornaldeitaipava.com.br\/wp-content\/uploads\/2022\/04\/BARREIRA-CAXAMBU-1.jpg?fit=715%2C429&ssl=1","jetpack_publicize_connections":[],"jetpack_sharing_enabled":true,"jetpack_likes_enabled":true,"jetpack-related-posts":[],"_links":{"self":[{"href":"https:\/\/jornaldeitaipava.com.br\/index.php\/wp-json\/wp\/v2\/posts\/38333"}],"collection":[{"href":"https:\/\/jornaldeitaipava.com.br\/index.php\/wp-json\/wp\/v2\/posts"}],"about":[{"href":"https:\/\/jornaldeitaipava.com.br\/index.php\/wp-json\/wp\/v2\/types\/post"}],"author":[{"embeddable":true,"href":"https:\/\/jornaldeitaipava.com.br\/index.php\/wp-json\/wp\/v2\/users\/1"}],"replies":[{"embeddable":true,"href":"https:\/\/jornaldeitaipava.com.br\/index.php\/wp-json\/wp\/v2\/comments?post=38333"}],"version-history":[{"count":1,"href":"https:\/\/jornaldeitaipava.com.br\/index.php\/wp-json\/wp\/v2\/posts\/38333\/revisions"}],"predecessor-version":[{"id":38334,"href":"https:\/\/jornaldeitaipava.com.br\/index.php\/wp-json\/wp\/v2\/posts\/38333\/revisions\/38334"}],"wp:featuredmedia":[{"embeddable":true,"href":"https:\/\/jornaldeitaipava.com.br\/index.php\/wp-json\/wp\/v2\/media\/26669"}],"wp:attachment":[{"href":"https:\/\/jornaldeitaipava.com.br\/index.php\/wp-json\/wp\/v2\/media?parent=38333"}],"wp:term":[{"taxonomy":"category","embeddable":true,"href":"https:\/\/jornaldeitaipava.com.br\/index.php\/wp-json\/wp\/v2\/categories?post=38333"},{"taxonomy":"post_tag","embeddable":true,"href":"https:\/\/jornaldeitaipava.com.br\/index.php\/wp-json\/wp\/v2\/tags?post=38333"}],"curies":[{"name":"wp","href":"https:\/\/api.w.org\/{rel}","templated":true}]}}