{"id":38341,"date":"2024-02-16T10:24:12","date_gmt":"2024-02-16T13:24:12","guid":{"rendered":"http:\/\/jornaldeitaipava.com.br\/?p=38341"},"modified":"2024-02-16T10:24:14","modified_gmt":"2024-02-16T13:24:14","slug":"carnaval-no-rio-tem-reducao-de-20-em-crimes-e-aumento-de-prisoes","status":"publish","type":"post","link":"https:\/\/jornaldeitaipava.com.br\/index.php\/2024\/02\/16\/carnaval-no-rio-tem-reducao-de-20-em-crimes-e-aumento-de-prisoes\/","title":{"rendered":"Carnaval no Rio tem redu\u00e7\u00e3o de 20% em crimes e aumento de pris\u00f5es"},"content":{"rendered":"\n<p>O carnaval no estado do Rio de Janeiro teve redu\u00e7\u00e3o de 20% nos chamados crimes de rua (furtos e roubos a pedestres), enquanto o n\u00famero de pris\u00f5es em flagrante cresceu 34%. Os dados fazem parte do balan\u00e7o da opera\u00e7\u00e3o especial de carnaval, divulgado nesta quinta-feira (15) pelo governo do estado.<br>Segundo o governador do Rio, Cl\u00e1udio Castro, um dos motivos para o aumento de pris\u00f5es \u00e9 o refor\u00e7o do efetivo policial, 5% maior que o do carnaval passado.<br>\u201cVoc\u00ea s\u00f3 prende em flagrante se voc\u00ea tiver um alto contingente policial na rua. Foram mais de 12 mil policiais militares, mais de 3,3 mil policiais civis e mais de 900 policiais penais\u201d, detalhou.<br>Castro destacou que houve crescimento de 32% na quantidade de menores infratores apreendidos. \u201cA gente sabe que isso \u00e9 uma realidade, muitas fac\u00e7\u00f5es criminosas mandando menores fazerem, sobretudo, esse trabalho de furto, pequenos assaltos, e \u00e9 importante quando a gente consegue coibir que esses menores tenham essa paz para fazer esse trabalho sujo\u201d.<\/p>\n\n\n\n<p><strong>Pris\u00f5es<\/strong><br>De acordo com a Pol\u00edcia Militar (PM), a corpora\u00e7\u00e3o realizou 423 pris\u00f5es e apreendeu 75 adolescentes. Ainda durante o carnaval foram apreendidas 75 armas de fogo, sendo sete fuzis. Nas barreiras de revista montadas nos acessos dos megablocos, a PM deteve mais de 270 objetos perfurantes \u2013 42% a mais que no carnaval do ano passado. Foram recuperados 47 telefones celulares.<br>J\u00e1 a Pol\u00edcia Civil registrou 717 pessoas presas, sendo 630 em flagrante e 87 por cumprimento de mandados de pris\u00e3o. Foram 85 ocorr\u00eancias notificadas por turistas estrangeiros, sendo 61 por crimes de furto.<br>Neste carnaval, a PM intensificou o uso do monitoramento com reconhecimento facial em locais de grande movimenta\u00e7\u00e3o de pessoas, incluindo o samb\u00f3dromo. Sete pessoas foram identificadas e presas nos dias de folia, chegando ao n\u00famero de 20 desde o r\u00e9veillon.<br>De acordo com o secret\u00e1rio de Seguran\u00e7a P\u00fablica, Victor C\u00e9sar dos Santos, n\u00e3o houve erro de identifica\u00e7\u00e3o de suspeito sem mandado de pris\u00e3o em aberto. \u201cHouve 100% de acerto do software\u201d.<\/p>\n\n\n\n<p><strong>Medidas protetivas<br><\/strong>O per\u00edodo de carnaval terminou com aumento de 5% de pedidos de medidas protetivas para mulheres. Segundo o governador, s\u00e3o casos de mulheres que se sentiram amea\u00e7adas por parceiros em blocos ou no samb\u00f3dromo.<br>\u201cN\u00f3s celebramos o aumento da oferta da prote\u00e7\u00e3o, eu acho que quando a mulher se sente segura para pedir ajuda, ela n\u00e3o aceita mais a viol\u00eancia do parceiro ou de outro homem. A gente quer que o n\u00famero diminua n\u00e3o pela falta de procura, mas pela falta do cometimento do delito. Primeiro voc\u00ea aumenta a oferta dos canais, as mulheres come\u00e7am a ter mais coragem de procurar ajuda e, em seguida, voc\u00ea tem a diminui\u00e7\u00e3o em si do dado real\u201d, disse.<\/p>\n\n\n\n<p><strong>Lei Seca<br><\/strong>No estado, 4.616 motoristas foram abordados pela Opera\u00e7\u00e3o Lei Seca, sendo 936 dirigindo sob efeito de \u00e1lcool. Na Sapuca\u00ed, 171 motoristas dos carros aleg\u00f3ricos das escolas de samba dos grupos Ouro e Especial passaram pelo teste do baf\u00f4metro.<\/p>\n\n\n\n<p><strong>Combate \u00e0 dengue<br><\/strong>Al\u00e9m do desfile das escolas de samba, o samb\u00f3dromo foi cen\u00e1rio para campanha de preven\u00e7\u00e3o e a\u00e7\u00f5es contra a dengue. Foram distribu\u00eddos aos foli\u00f5es 32 litros de repelentes. Segundo a Secretaria estadual de Sa\u00fade, a a\u00e7\u00e3o alcan\u00e7ou 115 mil pessoas.<br>Outra a\u00e7\u00e3o relacionada \u00e0 sa\u00fade de quem curtiu o carnaval foi a hidrata\u00e7\u00e3o. A Companhia Estadual de \u00c1guas e Esgotos (Cedae) calcula ter distribu\u00eddo mais de 1,3 milh\u00e3o de copos d&#8217;\u00e1gua e usado 30 mil litros de \u00e1gua para refrescar o p\u00fablico com mangueiras.<\/p>\n\n\n\n<p><strong>Turismo<br><\/strong>Durante o carnaval, a rede hoteleira da capital fluminense alcan\u00e7ou 87% de ocupa\u00e7\u00e3o. Em outras cidades, o que inclui as regi\u00f5es dos lagos, serrana e costa verde, o patamar foi de 81%. A movimenta\u00e7\u00e3o financeira no per\u00edodo \u00e9 estimada em cerca de R$ 5,3 bilh\u00f5es no estado.<br>\u201cA cadeia do turismo \u00e9 uma atividade das mais importantes para o desenvolvimento do estado. Todo o setor est\u00e1 muito feliz com os resultados\u201d, afirmou o secret\u00e1rio estadual de Turismo, Gustavo Tutuca.<\/p>\n\n\n\n<p>Da Ag\u00eancia Brasil<\/p>\n","protected":false},"excerpt":{"rendered":"<p>O carnaval no estado do Rio de Janeiro teve redu\u00e7\u00e3o de 20% nos chamados crimes<\/p>\n","protected":false},"author":1,"featured_media":33854,"comment_status":"closed","ping_status":"open","sticky":false,"template":"","format":"standard","meta":{"spay_email":"","footnotes":"","jetpack_publicize_message":""},"categories":[5],"tags":[],"jetpack_featured_media_url":"https:\/\/i2.wp.com\/jornaldeitaipava.com.br\/wp-content\/uploads\/2023\/03\/policia-scaled.jpg?fit=2560%2C1091&ssl=1","jetpack_publicize_connections":[],"jetpack_sharing_enabled":true,"jetpack_likes_enabled":true,"jetpack-related-posts":[],"_links":{"self":[{"href":"https:\/\/jornaldeitaipava.com.br\/index.php\/wp-json\/wp\/v2\/posts\/38341"}],"collection":[{"href":"https:\/\/jornaldeitaipava.com.br\/index.php\/wp-json\/wp\/v2\/posts"}],"about":[{"href":"https:\/\/jornaldeitaipava.com.br\/index.php\/wp-json\/wp\/v2\/types\/post"}],"author":[{"embeddable":true,"href":"https:\/\/jornaldeitaipava.com.br\/index.php\/wp-json\/wp\/v2\/users\/1"}],"replies":[{"embeddable":true,"href":"https:\/\/jornaldeitaipava.com.br\/index.php\/wp-json\/wp\/v2\/comments?post=38341"}],"version-history":[{"count":1,"href":"https:\/\/jornaldeitaipava.com.br\/index.php\/wp-json\/wp\/v2\/posts\/38341\/revisions"}],"predecessor-version":[{"id":38342,"href":"https:\/\/jornaldeitaipava.com.br\/index.php\/wp-json\/wp\/v2\/posts\/38341\/revisions\/38342"}],"wp:featuredmedia":[{"embeddable":true,"href":"https:\/\/jornaldeitaipava.com.br\/index.php\/wp-json\/wp\/v2\/media\/33854"}],"wp:attachment":[{"href":"https:\/\/jornaldeitaipava.com.br\/index.php\/wp-json\/wp\/v2\/media?parent=38341"}],"wp:term":[{"taxonomy":"category","embeddable":true,"href":"https:\/\/jornaldeitaipava.com.br\/index.php\/wp-json\/wp\/v2\/categories?post=38341"},{"taxonomy":"post_tag","embeddable":true,"href":"https:\/\/jornaldeitaipava.com.br\/index.php\/wp-json\/wp\/v2\/tags?post=38341"}],"curies":[{"name":"wp","href":"https:\/\/api.w.org\/{rel}","templated":true}]}}