{"id":38343,"date":"2024-02-16T10:32:43","date_gmt":"2024-02-16T13:32:43","guid":{"rendered":"http:\/\/jornaldeitaipava.com.br\/?p=38343"},"modified":"2024-02-16T10:32:53","modified_gmt":"2024-02-16T13:32:53","slug":"prefeitura-de-tres-rios-inscreve-para-concurso-publico-para-guarda-civil-municipal","status":"publish","type":"post","link":"https:\/\/jornaldeitaipava.com.br\/index.php\/2024\/02\/16\/prefeitura-de-tres-rios-inscreve-para-concurso-publico-para-guarda-civil-municipal\/","title":{"rendered":"Prefeitura de Tr\u00eas Rios inscreve para concurso p\u00fablico para Guarda Civil Municipal"},"content":{"rendered":"\n<p>A Prefeitura de Tr\u00eas Rios inicia nesta quarta-feira, dia 07, as inscri\u00e7\u00f5es para o concurso p\u00fablico que prev\u00ea o preenchimento de vagas para a Guarda Civil Municipal. Os candidatos podem se inscrever at\u00e9 o dia 11 de mar\u00e7o e a taxa \u00e9 de R$ 90.<br>A primeira etapa, prova objetiva, ser\u00e1 aplicada no dia 11 de abril. No total, ser\u00e3o sete etapas: prova objetiva, teste de aptid\u00e3o f\u00edsica, exames de sa\u00fade, exames toxicol\u00f3gicos, avalia\u00e7\u00e3o psicol\u00f3gica, investiga\u00e7\u00e3o social e curso de forma\u00e7\u00e3o.<br>Mais informa\u00e7\u00f5es no site:<a href=\"http:\/\/www.ian.org.br\"> www.ian.org.br<\/a><\/p>\n","protected":false},"excerpt":{"rendered":"<p>A Prefeitura de Tr\u00eas Rios inicia nesta quarta-feira, dia 07, as inscri\u00e7\u00f5es para o concurso<\/p>\n","protected":false},"author":1,"featured_media":38344,"comment_status":"closed","ping_status":"open","sticky":false,"template":"","format":"standard","meta":{"spay_email":"","footnotes":"","jetpack_publicize_message":""},"categories":[5],"tags":[],"jetpack_featured_media_url":"https:\/\/i0.wp.com\/jornaldeitaipava.com.br\/wp-content\/uploads\/2024\/02\/GM-TR.jpeg?fit=1024%2C640&ssl=1","jetpack_publicize_connections":[],"jetpack_sharing_enabled":true,"jetpack_likes_enabled":true,"jetpack-related-posts":[],"_links":{"self":[{"href":"https:\/\/jornaldeitaipava.com.br\/index.php\/wp-json\/wp\/v2\/posts\/38343"}],"collection":[{"href":"https:\/\/jornaldeitaipava.com.br\/index.php\/wp-json\/wp\/v2\/posts"}],"about":[{"href":"https:\/\/jornaldeitaipava.com.br\/index.php\/wp-json\/wp\/v2\/types\/post"}],"author":[{"embeddable":true,"href":"https:\/\/jornaldeitaipava.com.br\/index.php\/wp-json\/wp\/v2\/users\/1"}],"replies":[{"embeddable":true,"href":"https:\/\/jornaldeitaipava.com.br\/index.php\/wp-json\/wp\/v2\/comments?post=38343"}],"version-history":[{"count":1,"href":"https:\/\/jornaldeitaipava.com.br\/index.php\/wp-json\/wp\/v2\/posts\/38343\/revisions"}],"predecessor-version":[{"id":38345,"href":"https:\/\/jornaldeitaipava.com.br\/index.php\/wp-json\/wp\/v2\/posts\/38343\/revisions\/38345"}],"wp:featuredmedia":[{"embeddable":true,"href":"https:\/\/jornaldeitaipava.com.br\/index.php\/wp-json\/wp\/v2\/media\/38344"}],"wp:attachment":[{"href":"https:\/\/jornaldeitaipava.com.br\/index.php\/wp-json\/wp\/v2\/media?parent=38343"}],"wp:term":[{"taxonomy":"category","embeddable":true,"href":"https:\/\/jornaldeitaipava.com.br\/index.php\/wp-json\/wp\/v2\/categories?post=38343"},{"taxonomy":"post_tag","embeddable":true,"href":"https:\/\/jornaldeitaipava.com.br\/index.php\/wp-json\/wp\/v2\/tags?post=38343"}],"curies":[{"name":"wp","href":"https:\/\/api.w.org\/{rel}","templated":true}]}}