{"id":38349,"date":"2024-02-16T11:47:49","date_gmt":"2024-02-16T14:47:49","guid":{"rendered":"http:\/\/jornaldeitaipava.com.br\/?p=38349"},"modified":"2024-02-16T11:47:52","modified_gmt":"2024-02-16T14:47:52","slug":"miguel-pereira-lidera-ranking-de-ocupacao-hoteleira-na-regiao","status":"publish","type":"post","link":"https:\/\/jornaldeitaipava.com.br\/index.php\/2024\/02\/16\/miguel-pereira-lidera-ranking-de-ocupacao-hoteleira-na-regiao\/","title":{"rendered":"Miguel Pereira lidera ranking de ocupa\u00e7\u00e3o hoteleira na regi\u00e3o"},"content":{"rendered":"\n<p>O folia terminou mas deixou um saldo postivo nas cidades serranas que realizaram eventos. Com promessa de um Carnaval mais seguro e familias os munic\u00edpios conseguiram lotar hot\u00e9is e pousadas de turistas que puderam se divertir e ainda conhece as belezas naturais da regi\u00e3o.<br>De acordo com dados do Hot\u00e9isRIO e ABIH-RJ a rede hoteleira registrou uma m\u00e9dia de 81,24% dos quartos reservados: %. em todo interior, Miguel Pereira encabe\u00e7a a lista com taxa de acomoda\u00e7\u00f5es hoteleiras totalizando 93,50%; em seguida vem Teres\u00f3polis, com 90,90% e Nova Friburgo, com 85,20%. Petr\u00f3polis aparece em quarto, com 82,30%.<br>J\u00e1 na Capital, dados mostram que o carnaval carioca teve m\u00e9dia de 87% dos quartos de hotel ocupados.<\/p>\n\n\n\n<p><strong>Seguran\u00e7a<\/strong><br>O governador do Estado do Rio, Cl\u00e1udio, anunciou que o per\u00edodo festivo foi considerado um dos mais seguros dos \u00faltimos tempos, com redu\u00e7\u00e3o de 20% dos crimes de rua, em rela\u00e7\u00e3o ao mesmo per\u00edodo de 2023, e aumento de 34% das pris\u00f5es em flagrante. E ainda enfatizou que os pedidos de medida protetiva feitos por mulheres v\u00edtimas de viol\u00eancia aumentaram 5%.<\/p>\n","protected":false},"excerpt":{"rendered":"<p>O folia terminou mas deixou um saldo postivo nas cidades serranas que realizaram eventos. Com<\/p>\n","protected":false},"author":1,"featured_media":34217,"comment_status":"closed","ping_status":"open","sticky":false,"template":"","format":"standard","meta":{"spay_email":"","footnotes":"","jetpack_publicize_message":""},"categories":[42],"tags":[],"jetpack_featured_media_url":"https:\/\/i1.wp.com\/jornaldeitaipava.com.br\/wp-content\/uploads\/2023\/04\/miguel-pereira-javary.png?fit=1015%2C596&ssl=1","jetpack_publicize_connections":[],"jetpack_sharing_enabled":true,"jetpack_likes_enabled":true,"jetpack-related-posts":[],"_links":{"self":[{"href":"https:\/\/jornaldeitaipava.com.br\/index.php\/wp-json\/wp\/v2\/posts\/38349"}],"collection":[{"href":"https:\/\/jornaldeitaipava.com.br\/index.php\/wp-json\/wp\/v2\/posts"}],"about":[{"href":"https:\/\/jornaldeitaipava.com.br\/index.php\/wp-json\/wp\/v2\/types\/post"}],"author":[{"embeddable":true,"href":"https:\/\/jornaldeitaipava.com.br\/index.php\/wp-json\/wp\/v2\/users\/1"}],"replies":[{"embeddable":true,"href":"https:\/\/jornaldeitaipava.com.br\/index.php\/wp-json\/wp\/v2\/comments?post=38349"}],"version-history":[{"count":1,"href":"https:\/\/jornaldeitaipava.com.br\/index.php\/wp-json\/wp\/v2\/posts\/38349\/revisions"}],"predecessor-version":[{"id":38350,"href":"https:\/\/jornaldeitaipava.com.br\/index.php\/wp-json\/wp\/v2\/posts\/38349\/revisions\/38350"}],"wp:featuredmedia":[{"embeddable":true,"href":"https:\/\/jornaldeitaipava.com.br\/index.php\/wp-json\/wp\/v2\/media\/34217"}],"wp:attachment":[{"href":"https:\/\/jornaldeitaipava.com.br\/index.php\/wp-json\/wp\/v2\/media?parent=38349"}],"wp:term":[{"taxonomy":"category","embeddable":true,"href":"https:\/\/jornaldeitaipava.com.br\/index.php\/wp-json\/wp\/v2\/categories?post=38349"},{"taxonomy":"post_tag","embeddable":true,"href":"https:\/\/jornaldeitaipava.com.br\/index.php\/wp-json\/wp\/v2\/tags?post=38349"}],"curies":[{"name":"wp","href":"https:\/\/api.w.org\/{rel}","templated":true}]}}