{"id":38351,"date":"2024-02-16T12:16:25","date_gmt":"2024-02-16T15:16:25","guid":{"rendered":"http:\/\/jornaldeitaipava.com.br\/?p=38351"},"modified":"2024-02-16T12:16:27","modified_gmt":"2024-02-16T15:16:27","slug":"missa-na-catedral-e-no-alto-da-serra-lembrou-as-vitimas-da-tragedia-de-2022-em-petropolis","status":"publish","type":"post","link":"https:\/\/jornaldeitaipava.com.br\/index.php\/2024\/02\/16\/missa-na-catedral-e-no-alto-da-serra-lembrou-as-vitimas-da-tragedia-de-2022-em-petropolis\/","title":{"rendered":"Missa na Catedral e no Alto da Serra lembrou as v\u00edtimas da trag\u00e9dia de 2022 em Petr\u00f3polis"},"content":{"rendered":"\n<p>As v\u00edtimas da trag\u00e9dia de 15 de fevereiro de 2022, foram lembradas em dois momentos na Diocese de Petr\u00f3polis, com missa em mem\u00f3ria dos falecidos. Pela manh\u00e3, foram colocadas como inten\u00e7\u00e3o na celebra\u00e7\u00e3o, \u00e0s 8h, na Catedral S\u00e3o Pedro de Alc\u00e2ntara e \u00e0 noite, \u00e0s 19h30, na missa realizada na Igreja Santo Ant\u00f4nio, no Alto da Serra. Nas duas celebra\u00e7\u00f5es houve grande participa\u00e7\u00e3o de v\u00edtimas que sobreviveram e familiares daqueles que morreram devido \u00e0 trag\u00e9dia.<br>O Administrador Diocesano, Monsenhor Jos\u00e9 Maria Pereira, ao iniciar a missa na Igreja Santo Ant\u00f4nio, falou sobre a saudade que muitos sentem de seus entes queridos, mortos na trag\u00e9dia. Mas, frisou que a morte n\u00e3o \u00e9 o fim e que todos aqueles que morreram est\u00e3o na gra\u00e7a de Deus. O Monsenhor Jos\u00e9 Maria ressaltou ainda que pela for\u00e7a que vem de Deus faz com que todos possam continuar sua caminhada, apesar da saudade e tristeza pela perda de parentes e amigos.<br>Na Catedral de Petr\u00f3polis, na missa celebrada dia 15 de fevereiro, o Padre Adenilson Ferreira, disse que \u201cneste dia, recordamos as v\u00edtimas da trag\u00e9dia acontecida aqui na nossa cidade, em 2022. Pedimos ao bom Deus que d\u00ea a esses irm\u00e3os que faleceram naquela ocasi\u00e3o a gra\u00e7a da felicidade eterna e ao cora\u00e7\u00e3o dos fi\u00e9is, junto com a saudade que experimentam tamb\u00e9m a certeza que a vida com a morte n\u00e3o \u00e9 tirada, mas em Cristo Jesus \u00e9 transformada. Vamos pedir a prote\u00e7\u00e3o do senhor para nossa cidade\u201d e concluiu pedindo pelas autoridades para que \u201ctomem consci\u00eancia do seu papel e n\u00e3o se omitem diante daquilo que precisam fazer\u201d.<br>Durante sua homilia, o Administrador Diocesano, disse que fez quest\u00e3o em estar presente na missa, para reafirmar o compromisso da Igreja, da Diocese de Petr\u00f3polis de estar ao lado daqueles que sofrem. Ele lembrou todo trabalho realizado pela Diocese e pela Par\u00f3quia do Alto da Serra durante e ap\u00f3s a trag\u00e9dia, frisando que a Igreja est\u00e1 sempre de portas abertas e ao lado do povo.<br>Ele ainda comentou que vem sendo desenvolvido um plano de conting\u00eancia para a Par\u00f3quia Santo Ant\u00f4nio, no Alto da Serra, com melhorias em sua estrutura para atender a popula\u00e7\u00e3o em uma necessidade como a de 2022. \u201cEstamos trabalhando, mas, nosso desejo \u00e9 que essa estrutura nunca seja usada e que Petr\u00f3polis n\u00e3o tenha outra trag\u00e9dia\u201d, afirmou Monsenhor Jos\u00e9 Maria Pereira.<br>A missa no Alto da Serra foi presidida pelo Administrador Diocesano e concelebrada pelo P\u00e1roco de Santo Ant\u00f4nio, Padre Jos\u00e9 Celestino, pelo Vig\u00e1rio Paroquial, Padre Mois\u00e9s Fragoso e pelo reitor da Universidade Cat\u00f3lica de Petr\u00f3polis (UCP), Padre Pedro Paulo. O plano de conting\u00eancia para a par\u00f3quia est\u00e1 sendo desenvolvido pela Universidade. Ao final da celebra\u00e7\u00e3o, Padre Jos\u00e9 Celestino disse que o viver o dia 15 de fevereiro \u00e9 reviver com grande tristeza aquela noite, que ser\u00e1 inesquec\u00edvel.<\/p>\n","protected":false},"excerpt":{"rendered":"<p>As v\u00edtimas da trag\u00e9dia de 15 de fevereiro de 2022, foram lembradas em dois momentos<\/p>\n","protected":false},"author":1,"featured_media":38352,"comment_status":"closed","ping_status":"open","sticky":false,"template":"","format":"standard","meta":{"spay_email":"","footnotes":"","jetpack_publicize_message":""},"categories":[2],"tags":[],"jetpack_featured_media_url":"https:\/\/i2.wp.com\/jornaldeitaipava.com.br\/wp-content\/uploads\/2024\/02\/WhatsApp-Image-2024-02-16-at-12.13.00.jpeg?fit=1600%2C1066&ssl=1","jetpack_publicize_connections":[],"jetpack_sharing_enabled":true,"jetpack_likes_enabled":true,"jetpack-related-posts":[],"_links":{"self":[{"href":"https:\/\/jornaldeitaipava.com.br\/index.php\/wp-json\/wp\/v2\/posts\/38351"}],"collection":[{"href":"https:\/\/jornaldeitaipava.com.br\/index.php\/wp-json\/wp\/v2\/posts"}],"about":[{"href":"https:\/\/jornaldeitaipava.com.br\/index.php\/wp-json\/wp\/v2\/types\/post"}],"author":[{"embeddable":true,"href":"https:\/\/jornaldeitaipava.com.br\/index.php\/wp-json\/wp\/v2\/users\/1"}],"replies":[{"embeddable":true,"href":"https:\/\/jornaldeitaipava.com.br\/index.php\/wp-json\/wp\/v2\/comments?post=38351"}],"version-history":[{"count":1,"href":"https:\/\/jornaldeitaipava.com.br\/index.php\/wp-json\/wp\/v2\/posts\/38351\/revisions"}],"predecessor-version":[{"id":38353,"href":"https:\/\/jornaldeitaipava.com.br\/index.php\/wp-json\/wp\/v2\/posts\/38351\/revisions\/38353"}],"wp:featuredmedia":[{"embeddable":true,"href":"https:\/\/jornaldeitaipava.com.br\/index.php\/wp-json\/wp\/v2\/media\/38352"}],"wp:attachment":[{"href":"https:\/\/jornaldeitaipava.com.br\/index.php\/wp-json\/wp\/v2\/media?parent=38351"}],"wp:term":[{"taxonomy":"category","embeddable":true,"href":"https:\/\/jornaldeitaipava.com.br\/index.php\/wp-json\/wp\/v2\/categories?post=38351"},{"taxonomy":"post_tag","embeddable":true,"href":"https:\/\/jornaldeitaipava.com.br\/index.php\/wp-json\/wp\/v2\/tags?post=38351"}],"curies":[{"name":"wp","href":"https:\/\/api.w.org\/{rel}","templated":true}]}}