{"id":38360,"date":"2024-02-19T09:45:32","date_gmt":"2024-02-19T12:45:32","guid":{"rendered":"http:\/\/jornaldeitaipava.com.br\/?p=38360"},"modified":"2024-02-19T09:45:36","modified_gmt":"2024-02-19T12:45:36","slug":"dengue-teresopolis-intensifica-as-medidas-de-prevencao-e-combate-a-doenca","status":"publish","type":"post","link":"https:\/\/jornaldeitaipava.com.br\/index.php\/2024\/02\/19\/dengue-teresopolis-intensifica-as-medidas-de-prevencao-e-combate-a-doenca\/","title":{"rendered":"Dengue: Teres\u00f3polis intensifica as medidas de preven\u00e7\u00e3o e combate \u00e0 doen\u00e7a."},"content":{"rendered":"\n<p>Com a alta nos casos de dengue no munic\u00edpio, a Prefeitura Municipal de Teres\u00f3polis, atrav\u00e9s da Secretaria de Sa\u00fade, est\u00e1 intensificando as a\u00e7\u00f5es de combate a dengue em toda a cidade. Conforme anunciado pela Secret\u00e1ria Clarissa Rippel, diversas medidas est\u00e3o sendo adotadas para evitar a prolifera\u00e7\u00e3o da doen\u00e7a e na assist\u00eancia aos pacientes que j\u00e1 estejam infectados, como a solicita\u00e7\u00e3o do fumac\u00ea ao Governo do Estado e a cria\u00e7\u00e3o da sala de hidrata\u00e7\u00e3o 24h na Unidade de Cuidados Intermedi\u00e1rios Dr. Eitel Abdallah.<br>Desde o dia 1 de janeiro at\u00e9 o dia 16 de fevereiro o munic\u00edpio registrou 142 casos positivos da doen\u00e7a, com 6 casos graves, onde se fez necess\u00e1ria a interna\u00e7\u00e3o. Desses 6 casos, apenas 1 paciente permanece internado.<br>O Prefeito Vinicius Claussen ressaltou que mesmo com poucos casos, os cuidados n\u00e3o est\u00e3o sendo deixados de lado: \u201cHoje o Brasil passa por um surto de dengue e at\u00e9 as cidades que antes n\u00e3o apresentavam a doen\u00e7a, como era o caso de Teres\u00f3polis, j\u00e1 registram casos e isso nos preocupa. Se compararmos com cidades vizinhas, Teres\u00f3polis tem a menor taxa de casos confirmados e em sua maioria as pessoas apresentam sintomas leves. Mesmo assim, estamos intensificando as a\u00e7\u00f5es de combate para que a popula\u00e7\u00e3o n\u00e3o seja ainda mais atingida pela dengue.\u201d<br>\u201cJ\u00e1 est\u00e1vamos atentos ao aumento de casos de dengue em todo o Brasil e o prefeito Vinicius solicitou que intensific\u00e1ssemos o quanto antes as medidas emergenciais de combate a endemia, para que o munic\u00edpio n\u00e3o fosse t\u00e3o afetado pela doen\u00e7a. Sendo assim, prontamente fizemos as solicita\u00e7\u00f5es e mudan\u00e7as necess\u00e1rias para garantir o bem estar na nossa popula\u00e7\u00e3o.\u201d Declarou a Secret\u00e1ria Clarissa Rippel.<br>No \u00faltimo dia 9 de fevereiro a Secretaria de Sa\u00fade inaugurou a sala de hidrata\u00e7\u00e3o 24h, na Unidade de Sa\u00fade Dr. Eitel Abdallah, no bairro de S\u00e3o Pedro. O espa\u00e7o exclusivo \u00e9 voltado para pacientes que testaram positivo para a dengue e apresentam sintomas um pouco mais intensos, j\u00e1 que uma das etapas fundamentais do tratamento \u00e9 a hidrata\u00e7\u00e3o. Os pacientes tamb\u00e9m podem procurar a UPA24h e o SPA Bonsucesso para atendimento.<\/p>\n\n\n\n<p><strong>Outras medidas adotadas<br><\/strong>Al\u00e9m da Sala de hidrata\u00e7\u00e3o 24h, a Secretaria de Sa\u00fade solicitou ao Governo do estado do Rio de Janeiro o envio do fumac\u00ea para aplica\u00e7\u00e3o nos bairros da cidade e realizou a aquisi\u00e7\u00e3o emergencial, atrav\u00e9s de fonte de custeio do Minist\u00e9rio da Sa\u00fade, de testes r\u00e1pidos para dengue e de 1.000 frascos de repelentes, que ser\u00e3o distribu\u00eddos para gr\u00e1vidas e pessoas em vulnerabilidade social pelos agentes comunit\u00e1rios, equipe SAD (Servi\u00e7o Aten\u00e7\u00e3o Domiciliar) e agentes de endemia em domic\u00edlio.<br>Em Setembro de 2023 o poder executivo enviou projeto de lei \u00e0 C\u00e2mara Municipal para que fosse realizado processo seletivo para a contrata\u00e7\u00e3o de agentes de combate a endemia por\u00e9m, o projeto foi recusado. Na \u00faltima semana foi enviado novamente ao legislativo um novo projeto para viabilizar a contrata\u00e7\u00e3o de 160 novos agentes. O projeto segue em an\u00e1lise.<\/p>\n","protected":false},"excerpt":{"rendered":"<p>Com a alta nos casos de dengue no munic\u00edpio, a Prefeitura Municipal de Teres\u00f3polis, atrav\u00e9s<\/p>\n","protected":false},"author":1,"featured_media":295,"comment_status":"closed","ping_status":"open","sticky":false,"template":"","format":"standard","meta":{"spay_email":"","footnotes":"","jetpack_publicize_message":""},"categories":[5],"tags":[],"jetpack_featured_media_url":"https:\/\/i1.wp.com\/jornaldeitaipava.com.br\/wp-content\/uploads\/2020\/08\/TERESOPOLIS-PMP.jpg?fit=1024%2C512&ssl=1","jetpack_publicize_connections":[],"jetpack_sharing_enabled":true,"jetpack_likes_enabled":true,"jetpack-related-posts":[],"_links":{"self":[{"href":"https:\/\/jornaldeitaipava.com.br\/index.php\/wp-json\/wp\/v2\/posts\/38360"}],"collection":[{"href":"https:\/\/jornaldeitaipava.com.br\/index.php\/wp-json\/wp\/v2\/posts"}],"about":[{"href":"https:\/\/jornaldeitaipava.com.br\/index.php\/wp-json\/wp\/v2\/types\/post"}],"author":[{"embeddable":true,"href":"https:\/\/jornaldeitaipava.com.br\/index.php\/wp-json\/wp\/v2\/users\/1"}],"replies":[{"embeddable":true,"href":"https:\/\/jornaldeitaipava.com.br\/index.php\/wp-json\/wp\/v2\/comments?post=38360"}],"version-history":[{"count":1,"href":"https:\/\/jornaldeitaipava.com.br\/index.php\/wp-json\/wp\/v2\/posts\/38360\/revisions"}],"predecessor-version":[{"id":38361,"href":"https:\/\/jornaldeitaipava.com.br\/index.php\/wp-json\/wp\/v2\/posts\/38360\/revisions\/38361"}],"wp:featuredmedia":[{"embeddable":true,"href":"https:\/\/jornaldeitaipava.com.br\/index.php\/wp-json\/wp\/v2\/media\/295"}],"wp:attachment":[{"href":"https:\/\/jornaldeitaipava.com.br\/index.php\/wp-json\/wp\/v2\/media?parent=38360"}],"wp:term":[{"taxonomy":"category","embeddable":true,"href":"https:\/\/jornaldeitaipava.com.br\/index.php\/wp-json\/wp\/v2\/categories?post=38360"},{"taxonomy":"post_tag","embeddable":true,"href":"https:\/\/jornaldeitaipava.com.br\/index.php\/wp-json\/wp\/v2\/tags?post=38360"}],"curies":[{"name":"wp","href":"https:\/\/api.w.org\/{rel}","templated":true}]}}