{"id":38363,"date":"2024-02-19T12:01:00","date_gmt":"2024-02-19T15:01:00","guid":{"rendered":"http:\/\/jornaldeitaipava.com.br\/?p=38363"},"modified":"2024-02-19T12:01:43","modified_gmt":"2024-02-19T15:01:43","slug":"balcao-de-empregos-da-prefeitura-mais-69-vagas-para-esta-semana","status":"publish","type":"post","link":"https:\/\/jornaldeitaipava.com.br\/index.php\/2024\/02\/19\/balcao-de-empregos-da-prefeitura-mais-69-vagas-para-esta-semana\/","title":{"rendered":"Balc\u00e3o de Empregos tem 69 vagas para esta semana"},"content":{"rendered":"\n<p>A Prefeitura de Petr\u00f3polis est\u00e1 oferecendo, em seu Balc\u00e3o de Empregos na internet, mais 69 oportunidades de trabalho em empresas do munic\u00edpio. Para participar dos processos de sele\u00e7\u00e3o, os candidatos devem fazer o cadastramento de seus curr\u00edculos no site da Prefeitura (<a href=\"https:\/\/www.petropolis.rj.gov.br\" target=\"_blank\" rel=\"noreferrer noopener\">https:\/\/www.petropolis.rj.gov.br<\/a>) entre segunda-feira (19) a sexta-feira (23).<br>O Balc\u00e3o de Empregos \u00e9 um servi\u00e7o da Secretaria de Assist\u00eancia Social, por meio do Departamento de Trabalho e Renda (Detra). Todos os candidatos concorrem nos processos seletivos, desde que atendam aos requisitos exigidos pelos empregadores. As empresas t\u00eam responsabilidade integral pelo recrutamento e pelas contrata\u00e7\u00f5es.<\/p>\n\n\n\n<p>Veja as oportunidades desta semana:<\/p>\n\n\n\n<p>Ajudante de Armaz\u00e9m &#8211; Ensino Fundamental \/ Experi\u00eancia na fun\u00e7\u00e3o &#8211; 3 vagas<\/p>\n\n\n\n<p>Assistente de Engenharia &#8211; Ensino Superior \/ Curso espec\u00edfico na \u00e1rea \/ Experi\u00eancia na fun\u00e7\u00e3o &#8211; 1 vaga<\/p>\n\n\n\n<p>Auxiliar de Contabilidade &#8211; Ensino Superior \/ Curso espec\u00edfico na \u00e1rea \/ Experi\u00eancia de 1 ano na fun\u00e7\u00e3o &#8211; 1 vaga<\/p>\n\n\n\n<p>Auxiliar de Costura &#8211; Ensino M\u00e9dio \/ Experi\u00eancia na fun\u00e7\u00e3o &#8211; 1 vaga<\/p>\n\n\n\n<p>Auxiliar de Cozinha &#8211; Ensino Fundamental \/ Experi\u00eancia na fun\u00e7\u00e3o &#8211; 2 vagas<\/p>\n\n\n\n<p>Auxiliar de Servi\u00e7os Gerais &#8211; Ensino Fundamental \/ Experi\u00eancia na fun\u00e7\u00e3o &#8211; 1 vaga<\/p>\n\n\n\n<p>Cortador \u00e0 Tesoura &#8211; Ensino M\u00e9dio \/ Experi\u00eancia na fun\u00e7\u00e3o &#8211; 1 vaga<\/p>\n\n\n\n<p>Cortador de Artefatos de Couro &#8211; Ensino M\u00e9dio \/ Experi\u00eancia na fun\u00e7\u00e3o &#8211; 1 vaga<\/p>\n\n\n\n<p>Costureira Pilotista &#8211; Ensino Fundamental \/ Experi\u00eancia de 1 ano na fun\u00e7\u00e3o &#8211; 1 vaga<\/p>\n\n\n\n<p>Cozinheiro &#8211; Ensino Fundamental \/ Experi\u00eancia de 1 ano na fun\u00e7\u00e3o &#8211; 1 vaga<\/p>\n\n\n\n<p>Eletricista de Instala\u00e7\u00f5es &#8211; Ensino M\u00e9dio \/ Curso espec\u00edfico na \u00e1rea \/ Experi\u00eancia de 1 ano na fun\u00e7\u00e3o &#8211; 2 vagas<\/p>\n\n\n\n<p>Engenheiro de Produ\u00e7\u00e3o &#8211; Ensino M\u00e9dio \/ Experi\u00eancia de 1 ano na fun\u00e7\u00e3o &#8211; 1 vaga<\/p>\n\n\n\n<p>Engenheiro Mec\u00e2nico Industrial &#8211; Ensino M\u00e9dio \/ Experi\u00eancia de 1 ano na fun\u00e7\u00e3o &#8211; 1 vaga<\/p>\n\n\n\n<p>Esteticista &#8211; Ensino M\u00e9dio \/ Experi\u00eancia na fun\u00e7\u00e3o &#8211; 1 vaga<\/p>\n\n\n\n<p>Fiscal de Loja &#8211; Ensino M\u00e9dio \/ Experi\u00eancia de 1 ano na fun\u00e7\u00e3o &#8211; 2 vagas<\/p>\n\n\n\n<p>Gerente de Restaurante &#8211; Ensino M\u00e9dio \/ Experi\u00eancia na fun\u00e7\u00e3o &#8211; 2 vagas<\/p>\n\n\n\n<p>L\u00edder de Manuten\u00e7\u00e3o &#8211; Ensino M\u00e9dio \/ Forma\u00e7\u00e3o em Eletromec\u00e2nica \/ Curso espec\u00edfico na \u00e1rea \/ Experi\u00eancia de 2 anos na fun\u00e7\u00e3o &#8211; 1 vaga<\/p>\n\n\n\n<p>Limpador (a) &#8211; Ensino Fundamental \/ Experi\u00eancia de 1 ano na fun\u00e7\u00e3o &#8211; 5 vagas<\/p>\n\n\n\n<p>Manobrador &#8211; CNH Cat. B Definitiva \/ Saber dirigir ve\u00edculo autom\u00e1tico &#8211; 5 vagas<\/p>\n\n\n\n<p>Modelista de M\u00f3veis &#8211; Ensino M\u00e9dio \/ Experi\u00eancia na fun\u00e7\u00e3o &#8211; 1 vaga<\/p>\n\n\n\n<p>Operador de Loja &#8211; Ensino M\u00e9dio \/ Experi\u00eancia na fun\u00e7\u00e3o &#8211; 2 vagas<\/p>\n\n\n\n<p>Pedreiro &#8211; Ensino Fundamental \/ Experi\u00eancia na fun\u00e7\u00e3o &#8211; 5 vagas<\/p>\n\n\n\n<p>Pintor \u00e0 Pistola &#8211; Ensino M\u00e9dio \/ Experi\u00eancia na fun\u00e7\u00e3o &#8211; 1 vaga<\/p>\n\n\n\n<p>Representante Comercial &#8211; Ensino Fundamental \/ CNH Cat. AB \/ Possuir ve\u00edculo para o trabalho \/ Disponibilidade para viajar &#8211; 5 vagas<\/p>\n\n\n\n<p>T\u00e9cnico Eletromec\u00e2nico &#8211; Ensino M\u00e9dio \/ Curso espec\u00edfico na \u00e1rea \/ Experi\u00eancia de 1 ano na fun\u00e7\u00e3o &#8211; 2 vagas<\/p>\n\n\n\n<p>Armador de Estrutura de Concreto (Pessoa com Defici\u00eancia) &#8211; Ensino Fundamental \/ Experi\u00eancia na fun\u00e7\u00e3o \/ Possuir laudo que comprove defici\u00eancia que permita a realiza\u00e7\u00e3o das atividades com seguran\u00e7a &#8211; 4 vagas<\/p>\n\n\n\n<p>Auxiliar Administrativo (Pessoa com Defici\u00eancia) &#8211; Ensino M\u00e9dio \/ Experi\u00eancia na fun\u00e7\u00e3o \/ Possuir laudo que comprove defici\u00eancia que permita a realiza\u00e7\u00e3o das atividades com seguran\u00e7a &#8211; 1 vaga<\/p>\n\n\n\n<p>Auxiliar Administrativo (Pessoa com Defici\u00eancia) &#8211; Ensino M\u00e9dio \/ Experi\u00eancia na fun\u00e7\u00e3o \/ Possuir laudo que comprove defici\u00eancia que permita a realiza\u00e7\u00e3o das atividades com seguran\u00e7a &#8211; 1 vaga<\/p>\n\n\n\n<p>Carpinteiro (Pessoa com Defici\u00eancia) &#8211; Ensino Fundamental \/ Experi\u00eancia na fun\u00e7\u00e3o \/ Possuir laudo que comprove defici\u00eancia que permita a realiza\u00e7\u00e3o das atividades com seguran\u00e7a &#8211; 4 vagas<\/p>\n\n\n\n<p>Pedreiro (Pessoa com Defici\u00eancia) &#8211; Ensino Fundamental \/ Experi\u00eancia na fun\u00e7\u00e3o \/ Possuir laudo que comprove defici\u00eancia que permita a realiza\u00e7\u00e3o das atividades com seguran\u00e7a &#8211; 4 vagas<\/p>\n\n\n\n<p>Servente de Obras (Pessoa com Defici\u00eancia) &#8211; Ensino Fundamental \/ Experi\u00eancia na fun\u00e7\u00e3o \/ Possuir laudo que comprove defici\u00eancia que permita a realiza\u00e7\u00e3o das atividades com seguran\u00e7a &#8211; 4 vagas<\/p>\n\n\n\n<p>Supervisor de Suporte T\u00e9cnico &#8211; Experi\u00eancia de 2 anos na fun\u00e7\u00e3o &#8211; 1 vaga<\/p>\n\n\n\n<p>Vendedor (a) de Servi\u00e7os de Cr\u00e9dito &#8211; Ensino M\u00e9dio &#8211; 1 vaga<\/p>\n","protected":false},"excerpt":{"rendered":"<p>A Prefeitura de Petr\u00f3polis est\u00e1 oferecendo, em seu Balc\u00e3o de Empregos na internet, mais 69<\/p>\n","protected":false},"author":1,"featured_media":38364,"comment_status":"closed","ping_status":"open","sticky":false,"template":"","format":"standard","meta":{"spay_email":"","footnotes":"","jetpack_publicize_message":""},"categories":[24],"tags":[],"jetpack_featured_media_url":"https:\/\/i0.wp.com\/jornaldeitaipava.com.br\/wp-content\/uploads\/2024\/02\/CT.jpeg?fit=768%2C459&ssl=1","jetpack_publicize_connections":[],"jetpack_sharing_enabled":true,"jetpack_likes_enabled":true,"jetpack-related-posts":[],"_links":{"self":[{"href":"https:\/\/jornaldeitaipava.com.br\/index.php\/wp-json\/wp\/v2\/posts\/38363"}],"collection":[{"href":"https:\/\/jornaldeitaipava.com.br\/index.php\/wp-json\/wp\/v2\/posts"}],"about":[{"href":"https:\/\/jornaldeitaipava.com.br\/index.php\/wp-json\/wp\/v2\/types\/post"}],"author":[{"embeddable":true,"href":"https:\/\/jornaldeitaipava.com.br\/index.php\/wp-json\/wp\/v2\/users\/1"}],"replies":[{"embeddable":true,"href":"https:\/\/jornaldeitaipava.com.br\/index.php\/wp-json\/wp\/v2\/comments?post=38363"}],"version-history":[{"count":2,"href":"https:\/\/jornaldeitaipava.com.br\/index.php\/wp-json\/wp\/v2\/posts\/38363\/revisions"}],"predecessor-version":[{"id":38366,"href":"https:\/\/jornaldeitaipava.com.br\/index.php\/wp-json\/wp\/v2\/posts\/38363\/revisions\/38366"}],"wp:featuredmedia":[{"embeddable":true,"href":"https:\/\/jornaldeitaipava.com.br\/index.php\/wp-json\/wp\/v2\/media\/38364"}],"wp:attachment":[{"href":"https:\/\/jornaldeitaipava.com.br\/index.php\/wp-json\/wp\/v2\/media?parent=38363"}],"wp:term":[{"taxonomy":"category","embeddable":true,"href":"https:\/\/jornaldeitaipava.com.br\/index.php\/wp-json\/wp\/v2\/categories?post=38363"},{"taxonomy":"post_tag","embeddable":true,"href":"https:\/\/jornaldeitaipava.com.br\/index.php\/wp-json\/wp\/v2\/tags?post=38363"}],"curies":[{"name":"wp","href":"https:\/\/api.w.org\/{rel}","templated":true}]}}