{"id":38368,"date":"2024-02-19T13:45:04","date_gmt":"2024-02-19T16:45:04","guid":{"rendered":"http:\/\/jornaldeitaipava.com.br\/?p=38368"},"modified":"2024-02-19T13:45:06","modified_gmt":"2024-02-19T16:45:06","slug":"moradoras-de-tres-rios-e-valenca-sao-as-ganhadoras-dos-carros-da-campanha-natal-bramil","status":"publish","type":"post","link":"https:\/\/jornaldeitaipava.com.br\/index.php\/2024\/02\/19\/moradoras-de-tres-rios-e-valenca-sao-as-ganhadoras-dos-carros-da-campanha-natal-bramil\/","title":{"rendered":"Moradoras de Tr\u00eas Rios e Valen\u00e7a s\u00e3o as ganhadoras dos carros da campanha Natal Bramil"},"content":{"rendered":"\n<p class=\"has-text-align-center\"><strong>Ambas foram premiadas com um HB20 zero quil\u00f4metro<\/strong><\/p>\n\n\n\n<p><br>Na \u00faltima sexta-feira (16) Luciene Soares, moradora de Tr\u00eas Rios, recebeu o t\u00e3o sonhado carro zero quil\u00f4metro! Realizar o sonho do primeiro autom\u00f3vel foi poss\u00edvel gra\u00e7as a campanha do Natal Bramil, cujo o sorteio foi promovido em janeiro deste ano. Al\u00e9m dela, Vera Lucia Oliveira moradora de Valen\u00e7a, tamb\u00e9m foi a grande ganhadora de um HB20 novinho e o receber\u00e1 ainda esta semana.<br>Outros 40 clientes receberam vales-compra de R$ 500; e o 41\u00ba ganhou um ano de supermercado gr\u00e1tis, com um grande diferencial, ele p\u00f4de indicar uma fam\u00edlia que vive em situa\u00e7\u00e3o de vulnerabilidade social, e \u00e9 atendida por uma institui\u00e7\u00e3o da cidade cadastrada no Bramil, para receber o mesmo pr\u00eamio.<br>\u201cEstava com muita f\u00e9 de que poderia ganhar esse carro, mas confesso que foi uma surpresa ver esse sonho materializado. Agrade\u00e7o imensamente ao Bramil por essa oportunidade! Fico feliz que outras pessoas tamb\u00e9m receberam pr\u00eamios e agora vou tratar de aproveitar o meu\u201d, disse Luciene animada.<br>Segundo o s\u00f3cio-diretor do grupo Mil, Josemo J\u00fanior, no Bramil os clientes podem ganhar, doar e realizar sonhos! \u201cO nosso objetivo \u00e9 sempre presentear de alguma forma nossos clientes, que fizeram quest\u00e3o de estar conosco ao longo do ano\u201d, disse.<\/p>\n","protected":false},"excerpt":{"rendered":"<p>Ambas foram premiadas com um HB20 zero quil\u00f4metro Na \u00faltima sexta-feira (16) Luciene Soares, moradora<\/p>\n","protected":false},"author":1,"featured_media":38369,"comment_status":"closed","ping_status":"open","sticky":false,"template":"","format":"standard","meta":{"spay_email":"","footnotes":"","jetpack_publicize_message":""},"categories":[2],"tags":[],"jetpack_featured_media_url":"https:\/\/i0.wp.com\/jornaldeitaipava.com.br\/wp-content\/uploads\/2024\/02\/br.png?fit=442%2C377&ssl=1","jetpack_publicize_connections":[],"jetpack_sharing_enabled":true,"jetpack_likes_enabled":true,"jetpack-related-posts":[],"_links":{"self":[{"href":"https:\/\/jornaldeitaipava.com.br\/index.php\/wp-json\/wp\/v2\/posts\/38368"}],"collection":[{"href":"https:\/\/jornaldeitaipava.com.br\/index.php\/wp-json\/wp\/v2\/posts"}],"about":[{"href":"https:\/\/jornaldeitaipava.com.br\/index.php\/wp-json\/wp\/v2\/types\/post"}],"author":[{"embeddable":true,"href":"https:\/\/jornaldeitaipava.com.br\/index.php\/wp-json\/wp\/v2\/users\/1"}],"replies":[{"embeddable":true,"href":"https:\/\/jornaldeitaipava.com.br\/index.php\/wp-json\/wp\/v2\/comments?post=38368"}],"version-history":[{"count":1,"href":"https:\/\/jornaldeitaipava.com.br\/index.php\/wp-json\/wp\/v2\/posts\/38368\/revisions"}],"predecessor-version":[{"id":38370,"href":"https:\/\/jornaldeitaipava.com.br\/index.php\/wp-json\/wp\/v2\/posts\/38368\/revisions\/38370"}],"wp:featuredmedia":[{"embeddable":true,"href":"https:\/\/jornaldeitaipava.com.br\/index.php\/wp-json\/wp\/v2\/media\/38369"}],"wp:attachment":[{"href":"https:\/\/jornaldeitaipava.com.br\/index.php\/wp-json\/wp\/v2\/media?parent=38368"}],"wp:term":[{"taxonomy":"category","embeddable":true,"href":"https:\/\/jornaldeitaipava.com.br\/index.php\/wp-json\/wp\/v2\/categories?post=38368"},{"taxonomy":"post_tag","embeddable":true,"href":"https:\/\/jornaldeitaipava.com.br\/index.php\/wp-json\/wp\/v2\/tags?post=38368"}],"curies":[{"name":"wp","href":"https:\/\/api.w.org\/{rel}","templated":true}]}}