{"id":38386,"date":"2024-02-21T12:21:45","date_gmt":"2024-02-21T15:21:45","guid":{"rendered":"http:\/\/jornaldeitaipava.com.br\/?p=38386"},"modified":"2024-02-21T12:21:47","modified_gmt":"2024-02-21T15:21:47","slug":"teresopolis-fecha-2023-com-saldo-positivo-de-empregos-e-mais-de-35-mil-trabalhadores-com-carteira-assinada","status":"publish","type":"post","link":"https:\/\/jornaldeitaipava.com.br\/index.php\/2024\/02\/21\/teresopolis-fecha-2023-com-saldo-positivo-de-empregos-e-mais-de-35-mil-trabalhadores-com-carteira-assinada\/","title":{"rendered":"Teres\u00f3polis fecha 2023 com saldo positivo de empregos e mais de 35 mil trabalhadores com carteira assinada"},"content":{"rendered":"\n<p>Com 16.199 admiss\u00f5es e 15.081 desligamentos, Teres\u00f3polis fechou 2023 com um saldo positivo de 1.118 empregos formais, totalizando 35.673 trabalhadores com carteira assinada. Os n\u00fameros s\u00e3o superiores aos de 2022, quando o munic\u00edpio teve 15.104 admiss\u00f5es, 14.751 desligamentos e um saldo de 353 empregos formais. \u00c9 o que mostram os dados do Novo Cadastro Geral de Empregados e Desempregados (Novo Caged), divulgados pelo Minist\u00e9rio do Trabalho e Emprego.<br>\u201cEm 2023 o munic\u00edp\u00edo registrou o maior saldo de empregos da hist\u00f3ria, com 35.673 trabalhadores com carteira assinada, contra os 30.217 de 2017, antes de assumirmos a Prefeitura. Tirando 2020, quando tivemos um saldo negativo devido ao per\u00edodo cr\u00edtico da pandemia de coronav\u00edrus, os n\u00fameros s\u00f3 apresentam evolu\u00e7\u00e3o positiva, como o Novo Caged vem mostrando ao longo da nossa gest\u00e3o. Inclusive, com o destaque hist\u00f3rico de 2021, quando registramos a gera\u00e7\u00e3o de 2.235 empregos, o melhor saldo em 19 anos, desde que o Caged ajustado passou a ser monitorado\u201d, comemora o Prefeito Vinicius Claussen.<br>&#8220;Neste momento estamos revitalizando os conv\u00eanios e pautas para estabelecer um programa que amplie, de forma efetiva, o n\u00famero de vagas oferecidas pelo cadastro oficial em nosso sistema. A Secretaria trabalha para que em 2024 Teres\u00f3polis consiga atingir um \u00edndice significativo de aumento ao emprego formal, nos mais variados setores&#8221;, destaca o secret\u00e1rio municipal de Trabalho, Emprego e Economia Solid\u00e1ria, Gustavo Simas.<br>Boas pr\u00e1ticas: O Prefeito Vinicius Claussen pontua algumas iniciativas postas em pr\u00e1tica desde julho de 2018, quando assumiu a Prefeitura, em prol da gera\u00e7\u00e3o de emprego e renda. \u201cInvestimos em a\u00e7\u00f5es para a cria\u00e7\u00e3o de ambiente favor\u00e1vel ao empreendedorismo. Implantamos o Espa\u00e7o do Empreendedor e simplificamos a abertura de pequenas empresas. Colocamos em pr\u00e1tica o tratamento diferenciado dos pequenos neg\u00f3cios, incentivando a participa\u00e7\u00e3o dos empres\u00e1rios nas licita\u00e7\u00f5es realizadas pela Prefeitura. Ampliamos o programa de compra de produtos da agricultura familiar para a merenda escolar<\/p>\n","protected":false},"excerpt":{"rendered":"<p>Com 16.199 admiss\u00f5es e 15.081 desligamentos, Teres\u00f3polis fechou 2023 com um saldo positivo de 1.118<\/p>\n","protected":false},"author":1,"featured_media":17131,"comment_status":"closed","ping_status":"open","sticky":false,"template":"","format":"standard","meta":{"spay_email":"","footnotes":"","jetpack_publicize_message":""},"categories":[5],"tags":[],"jetpack_featured_media_url":"https:\/\/i0.wp.com\/jornaldeitaipava.com.br\/wp-content\/uploads\/2021\/07\/parque-tere.png?fit=728%2C437&ssl=1","jetpack_publicize_connections":[],"jetpack_sharing_enabled":true,"jetpack_likes_enabled":true,"jetpack-related-posts":[],"_links":{"self":[{"href":"https:\/\/jornaldeitaipava.com.br\/index.php\/wp-json\/wp\/v2\/posts\/38386"}],"collection":[{"href":"https:\/\/jornaldeitaipava.com.br\/index.php\/wp-json\/wp\/v2\/posts"}],"about":[{"href":"https:\/\/jornaldeitaipava.com.br\/index.php\/wp-json\/wp\/v2\/types\/post"}],"author":[{"embeddable":true,"href":"https:\/\/jornaldeitaipava.com.br\/index.php\/wp-json\/wp\/v2\/users\/1"}],"replies":[{"embeddable":true,"href":"https:\/\/jornaldeitaipava.com.br\/index.php\/wp-json\/wp\/v2\/comments?post=38386"}],"version-history":[{"count":1,"href":"https:\/\/jornaldeitaipava.com.br\/index.php\/wp-json\/wp\/v2\/posts\/38386\/revisions"}],"predecessor-version":[{"id":38387,"href":"https:\/\/jornaldeitaipava.com.br\/index.php\/wp-json\/wp\/v2\/posts\/38386\/revisions\/38387"}],"wp:featuredmedia":[{"embeddable":true,"href":"https:\/\/jornaldeitaipava.com.br\/index.php\/wp-json\/wp\/v2\/media\/17131"}],"wp:attachment":[{"href":"https:\/\/jornaldeitaipava.com.br\/index.php\/wp-json\/wp\/v2\/media?parent=38386"}],"wp:term":[{"taxonomy":"category","embeddable":true,"href":"https:\/\/jornaldeitaipava.com.br\/index.php\/wp-json\/wp\/v2\/categories?post=38386"},{"taxonomy":"post_tag","embeddable":true,"href":"https:\/\/jornaldeitaipava.com.br\/index.php\/wp-json\/wp\/v2\/tags?post=38386"}],"curies":[{"name":"wp","href":"https:\/\/api.w.org\/{rel}","templated":true}]}}