{"id":38390,"date":"2024-02-21T12:33:21","date_gmt":"2024-02-21T15:33:21","guid":{"rendered":"http:\/\/jornaldeitaipava.com.br\/?p=38390"},"modified":"2024-02-21T12:33:22","modified_gmt":"2024-02-21T15:33:22","slug":"prefeitura-inicia-implantacao-da-coleta-seletiva-no-comercio-do-centro-historico","status":"publish","type":"post","link":"https:\/\/jornaldeitaipava.com.br\/index.php\/2024\/02\/21\/prefeitura-inicia-implantacao-da-coleta-seletiva-no-comercio-do-centro-historico\/","title":{"rendered":"Prefeitura inicia implanta\u00e7\u00e3o da Coleta Seletiva no com\u00e9rcio do Centro Hist\u00f3rico"},"content":{"rendered":"\n<p>A Prefeitura, por meio da Companhia Municipal de Desenvolvimento de Petr\u00f3polis (Comdep), iniciou nesta ter\u00e7a-feira (20\/02) a implanta\u00e7\u00e3o da Coleta Seletiva no com\u00e9rcio do Centro Hist\u00f3rico de Petr\u00f3polis. A partir de agora, os caminh\u00f5es da Comdep v\u00e3o percorrer as principais ruas do Centro para recolher os materiais recicl\u00e1veis, como papel, pl\u00e1stico e metal, que n\u00e3o devem ser misturados ao lixo comum. A coleta vai acontecer de segunda a sexta, a partir das 09h.<br>\u201cA nossa gest\u00e3o tem a marca da sustentabilidade. A Coleta Seletiva \u00e9 um dos programas que eu fa\u00e7o quest\u00e3o de acompanhar de perto. Ent\u00e3o ficamos muito felizes em poder reorganizar o setor e ampliar a coleta para o Centro, incentivando a reciclagem e diminuindo o impacto de materiais recicl\u00e1veis descartados de forma irregular no meio ambiente\u201d, disse o prefeito Rubens Bomtempo.<br>Para garantir o sucesso desta amplia\u00e7\u00e3o, equipes do setor de reciclagem da Comdep percorreram os estabelecimentos comerciais do Centro para conversar com os lojistas e explicar como separar corretamente seus res\u00edduos recicl\u00e1veis e descart\u00e1-los de maneira adequada.<br>Os servidores tamb\u00e9m distribu\u00edram materiais informativos sobre educa\u00e7\u00e3o ambiental e o saco pl\u00e1stico transparente, onde os materiais recicl\u00e1veis devem ser separados. O presidente da Comdep, L\u00e9o Fran\u00e7a, acompanhou a a\u00e7\u00e3o e entregou aos lojistas vassouras feitas de garrafas PET no galp\u00e3o de reciclagem da Companhia.<br>\u201cLevar a Coleta Seletiva para o Centro de Petr\u00f3polis \u00e9 mais uma forma de reafirmar nosso compromisso em cuidar do Meio Ambiente e, sobretudo, com a limpeza da nossa cidade\u201d, disse L\u00e9o Fran\u00e7a.<br>Al\u00e9m da coleta seletiva feita de porta em porta, Petr\u00f3polis conta ainda com tr\u00eas ecopontos. Eles est\u00e3o localizados na Rua General Rondon, em frente a Comdep; na ag\u00eancia Regional da Comdep, em Corr\u00eaas e em Araras, na Estrada Bernardo Coutinho. Moradores de comunidades ainda n\u00e3o inclu\u00eddas nas rotas tamb\u00e9m podem solicitar a coleta pelo telefone (24) 2235-8437.<\/p>\n\n\n\n<p><strong>Veja como realizar a separa\u00e7\u00e3o dos materiais recicl\u00e1veis:<br><\/strong>PAPEL: Jornais e revistas, caixas em geral, aparas de papel, envelopes, cartazes velhos, caixa de pizza, cartolinas e papel cart\u00e3o.<br>VIDROS: Potes de conservas, embalagens, frascos de rem\u00e9dios vazios, copos, cacos dos produtos citados, vidros especiais (tampa de forno e micro-ondas), garrafas.<br>PL\u00c1STICO: Copos, garrafas, sacos\/sacolas, frascos de produtos, embalagens pet (refrigerantes, \u00f3leo, vinagre), canos e tubos de PVC, caneta (sem a tinta), tampas, potes pl\u00e1sticos, embalagens de produto de limpeza.<br>METAL: Tampinhas de garrafas, latas, enlatados, panelas sem cabo, ferragens, arames, chapas, canos, pregos, cobre, embalagem de marmitex, papel alum\u00ednio limpo, embalagens de aeross\u00f3is.<\/p>\n","protected":false},"excerpt":{"rendered":"<p>A Prefeitura, por meio da Companhia Municipal de Desenvolvimento de Petr\u00f3polis (Comdep), iniciou nesta ter\u00e7a-feira<\/p>\n","protected":false},"author":1,"featured_media":38391,"comment_status":"closed","ping_status":"open","sticky":false,"template":"","format":"standard","meta":{"spay_email":"","footnotes":"","jetpack_publicize_message":""},"categories":[2],"tags":[],"jetpack_featured_media_url":"https:\/\/i1.wp.com\/jornaldeitaipava.com.br\/wp-content\/uploads\/2024\/02\/WhatsApp-Image-2024-02-20-at-18.33.49.jpeg?fit=1600%2C1200&ssl=1","jetpack_publicize_connections":[],"jetpack_sharing_enabled":true,"jetpack_likes_enabled":true,"jetpack-related-posts":[],"_links":{"self":[{"href":"https:\/\/jornaldeitaipava.com.br\/index.php\/wp-json\/wp\/v2\/posts\/38390"}],"collection":[{"href":"https:\/\/jornaldeitaipava.com.br\/index.php\/wp-json\/wp\/v2\/posts"}],"about":[{"href":"https:\/\/jornaldeitaipava.com.br\/index.php\/wp-json\/wp\/v2\/types\/post"}],"author":[{"embeddable":true,"href":"https:\/\/jornaldeitaipava.com.br\/index.php\/wp-json\/wp\/v2\/users\/1"}],"replies":[{"embeddable":true,"href":"https:\/\/jornaldeitaipava.com.br\/index.php\/wp-json\/wp\/v2\/comments?post=38390"}],"version-history":[{"count":1,"href":"https:\/\/jornaldeitaipava.com.br\/index.php\/wp-json\/wp\/v2\/posts\/38390\/revisions"}],"predecessor-version":[{"id":38392,"href":"https:\/\/jornaldeitaipava.com.br\/index.php\/wp-json\/wp\/v2\/posts\/38390\/revisions\/38392"}],"wp:featuredmedia":[{"embeddable":true,"href":"https:\/\/jornaldeitaipava.com.br\/index.php\/wp-json\/wp\/v2\/media\/38391"}],"wp:attachment":[{"href":"https:\/\/jornaldeitaipava.com.br\/index.php\/wp-json\/wp\/v2\/media?parent=38390"}],"wp:term":[{"taxonomy":"category","embeddable":true,"href":"https:\/\/jornaldeitaipava.com.br\/index.php\/wp-json\/wp\/v2\/categories?post=38390"},{"taxonomy":"post_tag","embeddable":true,"href":"https:\/\/jornaldeitaipava.com.br\/index.php\/wp-json\/wp\/v2\/tags?post=38390"}],"curies":[{"name":"wp","href":"https:\/\/api.w.org\/{rel}","templated":true}]}}