{"id":38395,"date":"2024-02-21T12:42:50","date_gmt":"2024-02-21T15:42:50","guid":{"rendered":"http:\/\/jornaldeitaipava.com.br\/?p=38395"},"modified":"2024-02-21T12:42:52","modified_gmt":"2024-02-21T15:42:52","slug":"camara-municipal-aprova-criacao-de-programa-que-fornece-oculos-de-grau-a-estudantes-da-rede-publica","status":"publish","type":"post","link":"https:\/\/jornaldeitaipava.com.br\/index.php\/2024\/02\/21\/camara-municipal-aprova-criacao-de-programa-que-fornece-oculos-de-grau-a-estudantes-da-rede-publica\/","title":{"rendered":"C\u00e2mara Municipal aprova cria\u00e7\u00e3o de programa que fornece \u00f3culos de grau a estudantes da rede p\u00fablica"},"content":{"rendered":"\n<p>A C\u00e2mara Municipal aprovou, em sess\u00e3o plen\u00e1ria realizada nesta ter\u00e7a-feira (20), uma indica\u00e7\u00e3o legislativa de autoria do vereador Junior Paix\u00e3o que institui o &#8220;Programa Vis\u00e3o do Futuro&#8221; com o objetivo de fornecer, de forma gratuita, \u00f3culos de grau para crian\u00e7as e adolescentes matriculados nas escolas da rede municipal de Educa\u00e7\u00e3o, buscando o tratamento para corre\u00e7\u00e3o, diminui\u00e7\u00e3o ou estabiliza\u00e7\u00e3o do grau.<br>De acordo com o texto aprovado, o projeto, que dever\u00e1 contar com um coordenador especializado, incluir\u00e1 triagem, consulta com m\u00e9dico oftalmol\u00f3gico ou optom\u00e9trico, emiss\u00e3o do receitu\u00e1rio, escolha da arma\u00e7\u00e3o dos \u00f3culos e a retirada do mesmo. Ainda est\u00e1 previsto o acompanhamento da evolu\u00e7\u00e3o do tratamento da crian\u00e7a ou adolescente.<br>As arma\u00e7\u00f5es dos \u00f3culos fornecidos pelo programa ser\u00e3o padronizadas, n\u00e3o podendo ser alterado o padr\u00e3o ou modelo, devendo a crian\u00e7a e adolescente escolher conforme disponibilidade. Em caso de n\u00e3o querer receber os \u00f3culos padronizados, dever\u00e1 o representante legal preencher e assinar termo de abdica\u00e7\u00e3o, declarando expressamente a ren\u00fancia da participa\u00e7\u00e3o.<br>Para o autor da indica\u00e7\u00e3o, o projeto ir\u00e1 contribuir para a melhoria de vida e do bem-estar de muitos alunos de nossa rede municipal de Educa\u00e7\u00e3o.<br>&#8220;Sabemos da import\u00e2ncia da sa\u00fade ocular nessa faixa et\u00e1ria e do tratamento precoce que influencia em diversas \u00e1reas da vida da crian\u00e7a e do adolescente. Muitas crian\u00e7as hoje tem dificuldade de aprendizado devido aos problemas relacionados \u00e0 vis\u00e3o, mas s\u00e3o diagnosticados tardiamente, o que atrapalha seu desenvolvimento escolar, bem como o conv\u00edvio social&#8221; justificou o vereador.<\/p>\n\n\n\n<p>A proposta segue para aprecia\u00e7\u00e3o do Poder Executivo.<\/p>\n","protected":false},"excerpt":{"rendered":"<p>A C\u00e2mara Municipal aprovou, em sess\u00e3o plen\u00e1ria realizada nesta ter\u00e7a-feira (20), uma indica\u00e7\u00e3o legislativa de<\/p>\n","protected":false},"author":1,"featured_media":38396,"comment_status":"closed","ping_status":"open","sticky":false,"template":"","format":"standard","meta":{"spay_email":"","footnotes":"","jetpack_publicize_message":""},"categories":[2],"tags":[],"jetpack_featured_media_url":"https:\/\/i1.wp.com\/jornaldeitaipava.com.br\/wp-content\/uploads\/2024\/02\/WhatsApp-Image-2024-02-20-at-16.07.16.jpeg?fit=1600%2C1066&ssl=1","jetpack_publicize_connections":[],"jetpack_sharing_enabled":true,"jetpack_likes_enabled":true,"jetpack-related-posts":[],"_links":{"self":[{"href":"https:\/\/jornaldeitaipava.com.br\/index.php\/wp-json\/wp\/v2\/posts\/38395"}],"collection":[{"href":"https:\/\/jornaldeitaipava.com.br\/index.php\/wp-json\/wp\/v2\/posts"}],"about":[{"href":"https:\/\/jornaldeitaipava.com.br\/index.php\/wp-json\/wp\/v2\/types\/post"}],"author":[{"embeddable":true,"href":"https:\/\/jornaldeitaipava.com.br\/index.php\/wp-json\/wp\/v2\/users\/1"}],"replies":[{"embeddable":true,"href":"https:\/\/jornaldeitaipava.com.br\/index.php\/wp-json\/wp\/v2\/comments?post=38395"}],"version-history":[{"count":1,"href":"https:\/\/jornaldeitaipava.com.br\/index.php\/wp-json\/wp\/v2\/posts\/38395\/revisions"}],"predecessor-version":[{"id":38397,"href":"https:\/\/jornaldeitaipava.com.br\/index.php\/wp-json\/wp\/v2\/posts\/38395\/revisions\/38397"}],"wp:featuredmedia":[{"embeddable":true,"href":"https:\/\/jornaldeitaipava.com.br\/index.php\/wp-json\/wp\/v2\/media\/38396"}],"wp:attachment":[{"href":"https:\/\/jornaldeitaipava.com.br\/index.php\/wp-json\/wp\/v2\/media?parent=38395"}],"wp:term":[{"taxonomy":"category","embeddable":true,"href":"https:\/\/jornaldeitaipava.com.br\/index.php\/wp-json\/wp\/v2\/categories?post=38395"},{"taxonomy":"post_tag","embeddable":true,"href":"https:\/\/jornaldeitaipava.com.br\/index.php\/wp-json\/wp\/v2\/tags?post=38395"}],"curies":[{"name":"wp","href":"https:\/\/api.w.org\/{rel}","templated":true}]}}