{"id":38410,"date":"2024-02-23T15:51:21","date_gmt":"2024-02-23T18:51:21","guid":{"rendered":"http:\/\/jornaldeitaipava.com.br\/?p=38410"},"modified":"2024-02-23T15:51:22","modified_gmt":"2024-02-23T18:51:22","slug":"governo-do-estado-decreta-epidemia-de-dengue-no-rio-de-janeiro","status":"publish","type":"post","link":"https:\/\/jornaldeitaipava.com.br\/index.php\/2024\/02\/23\/governo-do-estado-decreta-epidemia-de-dengue-no-rio-de-janeiro\/","title":{"rendered":"Governo do Estado decreta epidemia de dengue no Rio de Janeiro"},"content":{"rendered":"\n<p class=\"has-text-align-center\"><strong>Medida de emerg\u00eancia \u00e9 necess\u00e1ria devido ao aumento do n\u00famero de casos<\/strong><\/p>\n\n\n\n<p>O Governo do Estado decretou epidemia de dengue no Estado do Rio de Janeiro. A decis\u00e3o foi anunciada, nesta quarta-feira (21\/02), pelo governador Cl\u00e1udio Castro em coletiva de imprensa com a participa\u00e7\u00e3o da secret\u00e1ria de Estado de Sa\u00fade, Claudia Mello. A medida foi tomada devido ao crescimento do n\u00famero de casos da doen\u00e7a. At\u00e9 o momento, foram feitas 49.405 notifica\u00e7\u00f5es, cerca de 308 por 100 mil habitantes, com quatro \u00f3bitos (dois na capital, um em Itatiaia e um em Mangaratiba).<br>Outra a\u00e7\u00e3o anunciada foi a cria\u00e7\u00e3o do Observat\u00f3rio Dengue RJ, que utiliza tecnologia de ponta e uma equipe t\u00e9cnica de plant\u00e3o no Centro de Intelig\u00eancia em Sa\u00fade (CIS), dedicada a monitorar, apoiar e dar respostas r\u00e1pidas \u00e0s emerg\u00eancias relacionadas \u00e0 dengue nos 92 munic\u00edpios do estado. Essas a\u00e7\u00f5es fazem parte da segunda etapa do Plano Estadual de Combate \u00e0 Dengue.<br>O primeiro lote das vacinas contra a dengue ser\u00e1 entregue ao estado pelo Minist\u00e9rio da Sa\u00fade nesta quinta-feira (22\/02). S\u00e3o 231.928 doses que ser\u00e3o enviadas \u00e0 Central Geral de Armazenamento da Sa\u00fade RJ. O p\u00fablico alvo s\u00e3o adolescentes entre 10 e 14 anos, da Regi\u00e3o Metropolitana I, que inclui a capital e munic\u00edpios da Baixada Fluminense.<br>&#8220;A decreta\u00e7\u00e3o da epidemia \u00e9 importante para que possamos atuar de forma mais precisa e segura com as a\u00e7\u00f5es necess\u00e1rias de combate \u00e0 dengue e que nada falte \u00e0 popula\u00e7\u00e3o. A nossa decis\u00e3o foi feita de acordo com os dados da doen\u00e7a em todo o estado. Em mais de 60 cidades h\u00e1 aumento dos casos da dengue por tr\u00eas semanas consecutivas, sendo fundamental para implementarmos a situa\u00e7\u00e3o emergencial. Al\u00e9m disso, o decreto agiliza a compra de insumos e diminui a burocracia quando temos necessidades imediatas&#8221;, destacou o governador Cl\u00e1udio Castro.<br>O Centro de Intelig\u00eancia em Sa\u00fade analisa e disponibiliza os dados da dengue no Painel Monitora. Uma vez por semana a secretaria divulga o Panorama da Dengue, boletim que faz an\u00e1lises da evolu\u00e7\u00e3o e tend\u00eancias de transmiss\u00e3o de casos em todas as regi\u00f5es do estado. Tamb\u00e9m avalia o cen\u00e1rio a partir dos casos notificados e o aumento de registros em rela\u00e7\u00e3o ao limite m\u00e1ximo esperado para cada semana epidemiol\u00f3gica.<br>Al\u00e9m disso, a SES.RJ mant\u00e9m o treinamento dos profissionais de sa\u00fade das redes p\u00fablica e privada. M\u00e9dicos e enfermeiros participam de capacita\u00e7\u00f5es presenciais e on-line, com equipe multiprofissional, desde o dia 6 de fevereiro com previs\u00e3o at\u00e9 30 de mar\u00e7o. Atualmente, 1.639 profissionais j\u00e1 foram inscritos na plataforma de educa\u00e7\u00e3o digital da sa\u00fade para capacita\u00e7\u00e3o on-line. A meta \u00e9 treinar dois mil profissionais.<br>Equipes das 27 UPAs da rede estadual de sa\u00fade ser\u00e3o refor\u00e7adas com m\u00e9dicos e enfermeiros dedicados ao atendimento dos pacientes com dengue. Outra previs\u00e3o \u00e9 a convers\u00e3o de 160 leitos de outras unidades de refer\u00eancia para atendimento, caso seja necess\u00e1rio. J\u00e1 para as gestantes, o Instituto Estadual de Infectologia S\u00e3o Sebasti\u00e3o \u00e9 a unidade de refer\u00eancia no atendimento \u00e0 dengue no Rio de Janeiro e segue recebendo gr\u00e1vidas de todo o estado.<\/p>\n\n\n\n<p><strong>Polo de Hidrata\u00e7\u00e3o<br><\/strong>A SES-RJ est\u00e1 ampliando as salas de hidrata\u00e7\u00e3o em 11 UPAs estaduais. Al\u00e9m disso, a secretaria montou polos de hidrata\u00e7\u00e3o em 11 munic\u00edpios, para onde enviou insumos, medicamentos e equipamentos . A instala\u00e7\u00e3o do ponto \u00e9 feita de acordo com a demanda dos munic\u00edpios. H\u00e1 mais 12 pedidos em an\u00e1lise pela secretaria, que possui capacidade para acomodar 80 polos de hidrata\u00e7\u00e3o em todas as regi\u00f5es do estado.<\/p>\n\n\n\n<p><strong>Cen\u00e1rio da dengue no estado<br><\/strong>O Estado do Rio de Janeiro segue com crescimento de casos prov\u00e1veis de dengue. De acordo com o \u00faltimo boletim epidemiol\u00f3gico j\u00e1 s\u00e3o 49.405 casos notificados este ano (at\u00e9 19 de fevereiro), n\u00famero que j\u00e1 alcan\u00e7a os 51.501 registrados em 2023 inteiro. A incid\u00eancia de dengue atual \u00e9 de 308 casos por 100 mil habitantes e apesar do RJ estar no n\u00edvel 2 de ativa\u00e7\u00e3o do plano de conting\u00eancia (risco iminente), algumas regi\u00f5es, como a Metropolitana I (Capital e Baixada Fluminense) tiveram crescimento maior do que o esperado por tr\u00eas semanas consecutivas e atingiram o n\u00edvel 3 (epidemia) por isso o governador decidiu antecipar decis\u00e3o do decreto de epidemia.<\/p>\n","protected":false},"excerpt":{"rendered":"<p>Medida de emerg\u00eancia \u00e9 necess\u00e1ria devido ao aumento do n\u00famero de casos O Governo do<\/p>\n","protected":false},"author":1,"featured_media":38411,"comment_status":"closed","ping_status":"open","sticky":false,"template":"","format":"standard","meta":{"spay_email":"","footnotes":"","jetpack_publicize_message":""},"categories":[24],"tags":[],"jetpack_featured_media_url":"https:\/\/i2.wp.com\/jornaldeitaipava.com.br\/wp-content\/uploads\/2024\/02\/BF5A4271-scaled.jpg?fit=2560%2C1643&ssl=1","jetpack_publicize_connections":[],"jetpack_sharing_enabled":true,"jetpack_likes_enabled":true,"jetpack-related-posts":[],"_links":{"self":[{"href":"https:\/\/jornaldeitaipava.com.br\/index.php\/wp-json\/wp\/v2\/posts\/38410"}],"collection":[{"href":"https:\/\/jornaldeitaipava.com.br\/index.php\/wp-json\/wp\/v2\/posts"}],"about":[{"href":"https:\/\/jornaldeitaipava.com.br\/index.php\/wp-json\/wp\/v2\/types\/post"}],"author":[{"embeddable":true,"href":"https:\/\/jornaldeitaipava.com.br\/index.php\/wp-json\/wp\/v2\/users\/1"}],"replies":[{"embeddable":true,"href":"https:\/\/jornaldeitaipava.com.br\/index.php\/wp-json\/wp\/v2\/comments?post=38410"}],"version-history":[{"count":1,"href":"https:\/\/jornaldeitaipava.com.br\/index.php\/wp-json\/wp\/v2\/posts\/38410\/revisions"}],"predecessor-version":[{"id":38412,"href":"https:\/\/jornaldeitaipava.com.br\/index.php\/wp-json\/wp\/v2\/posts\/38410\/revisions\/38412"}],"wp:featuredmedia":[{"embeddable":true,"href":"https:\/\/jornaldeitaipava.com.br\/index.php\/wp-json\/wp\/v2\/media\/38411"}],"wp:attachment":[{"href":"https:\/\/jornaldeitaipava.com.br\/index.php\/wp-json\/wp\/v2\/media?parent=38410"}],"wp:term":[{"taxonomy":"category","embeddable":true,"href":"https:\/\/jornaldeitaipava.com.br\/index.php\/wp-json\/wp\/v2\/categories?post=38410"},{"taxonomy":"post_tag","embeddable":true,"href":"https:\/\/jornaldeitaipava.com.br\/index.php\/wp-json\/wp\/v2\/tags?post=38410"}],"curies":[{"name":"wp","href":"https:\/\/api.w.org\/{rel}","templated":true}]}}