{"id":38413,"date":"2024-02-23T15:56:01","date_gmt":"2024-02-23T18:56:01","guid":{"rendered":"http:\/\/jornaldeitaipava.com.br\/?p=38413"},"modified":"2024-02-23T15:56:03","modified_gmt":"2024-02-23T18:56:03","slug":"firjan-senai-abre-175-vagas-gratuitas-em-cursos-de-qualificacao-profissional-em-petropolis","status":"publish","type":"post","link":"https:\/\/jornaldeitaipava.com.br\/index.php\/2024\/02\/23\/firjan-senai-abre-175-vagas-gratuitas-em-cursos-de-qualificacao-profissional-em-petropolis\/","title":{"rendered":"Firjan SENAI abre 175 vagas gratuitas em cursos de qualifica\u00e7\u00e3o profissional em Petr\u00f3polis"},"content":{"rendered":"\n<p class=\"has-text-align-center\"><strong>As aulas para os 7 cursos oferecidos come\u00e7am a partir de mar\u00e7o, na unidade do Bingen<\/strong><\/p>\n\n\n\n<p>Est\u00e3o abertas as inscri\u00e7\u00f5es para 175 vagas gratuitas dos cursos gratuitos de qualifica\u00e7\u00e3o profissional da Firjan SENAI, em Petr\u00f3polis. As ofertas s\u00e3o para os cursos de Eletricista Predial, Assistente de Opera\u00e7\u00f5es em Log\u00edstica, Instalador de Sistemas Drywall, Confeiteiro, Almoxarife, Padeiro e Operador de M\u00e1quinas de Marcenaria, com aulas presenciais, a partir de mar\u00e7o, na unidade do Bingen. Os interessados devem se inscrever no site da Firjan SENAI: www.firjansenai.com.br\/cursosgratuitos. As inscri\u00e7\u00f5es ser\u00e3o encerradas automaticamente para cada oferta assim que o n\u00famero de inscritos atingir o limite de vagas.<br>\u201cA qualifica\u00e7\u00e3o profissional \u00e9 de fundamental import\u00e2ncia para a empregabilidade de jovens e adultos. Portanto, a Firjan SENAI est\u00e1 ofertando vagas gratuitas em cursos profissionalizantes, focando na amplia\u00e7\u00e3o das oportunidades de trabalho e de renda dos alunos\u201d, pontua Edson Melo, gerente de Educa\u00e7\u00e3o Profissional da Firjan SENAI.<br>Para participar, os candidatos devem preencher os pr\u00e9-requisitos espec\u00edficos dos cursos desejados, incluindo idade e escolaridade, al\u00e9m de renda familiar mensal per capita bruta seja de at\u00e9 1,5 sal\u00e1rio-m\u00ednimo federal, comprovado por meio de uma autodeclara\u00e7\u00e3o. \u00c9 fundamental tamb\u00e9m ter acesso a um computador ou notebook, j\u00e1 que parte dos cursos ser\u00e1 realizada de forma on-line, seguindo a estrat\u00e9gia EAD.<br>Ap\u00f3s o cadastro no site, o candidato ter\u00e1 um prazo de dois dias \u00fateis para comparecer \u00e0 unidade escolhida a fim de efetivar sua matr\u00edcula. Ser\u00e1 necess\u00e1rio apresentar todos os documentos exigidos, incluindo identifica\u00e7\u00e3o, CPF, comprovante de escolaridade e autodeclara\u00e7\u00e3o de baixa renda. Candidatos menores de idade dever\u00e3o ser acompanhados por seu respons\u00e1vel legal.<br>Ao todo, no estado, s\u00e3o mais de 70 t\u00edtulos distribu\u00eddos em 266 turmas e em diferentes formatos. H\u00e1 oportunidades em \u00e1reas tecnol\u00f3gicas como: Audiovisual e Anima\u00e7\u00e3o Digital, Automa\u00e7\u00e3o e Mecatr\u00f4nica, Automotiva, Constru\u00e7\u00e3o Civil, Eletroeletr\u00f4nica, Energias Renov\u00e1veis, Gest\u00e3o, Gr\u00e1fica e M\u00eddias Impressas e Digitais, Log\u00edstica, Metalmec\u00e2nica, Panifica\u00e7\u00e3o e Confeitaria, Soldagem, Refrigera\u00e7\u00e3o e Climatiza\u00e7\u00e3o, Tecnologia da Informa\u00e7\u00e3o, entre outras.<\/p>\n","protected":false},"excerpt":{"rendered":"<p>As aulas para os 7 cursos oferecidos come\u00e7am a partir de mar\u00e7o, na unidade do<\/p>\n","protected":false},"author":1,"featured_media":32650,"comment_status":"closed","ping_status":"open","sticky":false,"template":"","format":"standard","meta":{"spay_email":"","footnotes":"","jetpack_publicize_message":""},"categories":[2],"tags":[],"jetpack_featured_media_url":"https:\/\/i1.wp.com\/jornaldeitaipava.com.br\/wp-content\/uploads\/2022\/12\/senai.png?fit=1039%2C634&ssl=1","jetpack_publicize_connections":[],"jetpack_sharing_enabled":true,"jetpack_likes_enabled":true,"jetpack-related-posts":[],"_links":{"self":[{"href":"https:\/\/jornaldeitaipava.com.br\/index.php\/wp-json\/wp\/v2\/posts\/38413"}],"collection":[{"href":"https:\/\/jornaldeitaipava.com.br\/index.php\/wp-json\/wp\/v2\/posts"}],"about":[{"href":"https:\/\/jornaldeitaipava.com.br\/index.php\/wp-json\/wp\/v2\/types\/post"}],"author":[{"embeddable":true,"href":"https:\/\/jornaldeitaipava.com.br\/index.php\/wp-json\/wp\/v2\/users\/1"}],"replies":[{"embeddable":true,"href":"https:\/\/jornaldeitaipava.com.br\/index.php\/wp-json\/wp\/v2\/comments?post=38413"}],"version-history":[{"count":1,"href":"https:\/\/jornaldeitaipava.com.br\/index.php\/wp-json\/wp\/v2\/posts\/38413\/revisions"}],"predecessor-version":[{"id":38414,"href":"https:\/\/jornaldeitaipava.com.br\/index.php\/wp-json\/wp\/v2\/posts\/38413\/revisions\/38414"}],"wp:featuredmedia":[{"embeddable":true,"href":"https:\/\/jornaldeitaipava.com.br\/index.php\/wp-json\/wp\/v2\/media\/32650"}],"wp:attachment":[{"href":"https:\/\/jornaldeitaipava.com.br\/index.php\/wp-json\/wp\/v2\/media?parent=38413"}],"wp:term":[{"taxonomy":"category","embeddable":true,"href":"https:\/\/jornaldeitaipava.com.br\/index.php\/wp-json\/wp\/v2\/categories?post=38413"},{"taxonomy":"post_tag","embeddable":true,"href":"https:\/\/jornaldeitaipava.com.br\/index.php\/wp-json\/wp\/v2\/tags?post=38413"}],"curies":[{"name":"wp","href":"https:\/\/api.w.org\/{rel}","templated":true}]}}