{"id":38415,"date":"2024-02-23T16:01:13","date_gmt":"2024-02-23T19:01:13","guid":{"rendered":"http:\/\/jornaldeitaipava.com.br\/?p=38415"},"modified":"2024-02-23T16:01:14","modified_gmt":"2024-02-23T19:01:14","slug":"show-alaide-costa-50-anos-depois-daquele-disco-com-oscar-no-centro-cultural-sesc-quitandinha","status":"publish","type":"post","link":"https:\/\/jornaldeitaipava.com.br\/index.php\/2024\/02\/23\/show-alaide-costa-50-anos-depois-daquele-disco-com-oscar-no-centro-cultural-sesc-quitandinha\/","title":{"rendered":"Show &#8220;Ala\u00edde Costa \u2013 50 anos depois daquele disco com Oscar&#8221;, no  Centro Cultural Sesc Quitandinha"},"content":{"rendered":"\n<p>O Centro Cultural Sesc Quitandinha apresenta, no dia 24 de fevereiro o show &#8220;Ala\u00edde Costa 50 anos depois daquele disco com Oscar\u201d. O espet\u00e1culo integra a programa\u00e7\u00e3o cultural da exposi\u00e7\u00e3o \u201cDa Kutanda ao Quitandinha \u2013 80 anos\u201d, com curadoria-geral de Marcelo Campos, que termina no dia seguinte, 25 de fevereiro.<br>Carioca nascida em 8 de dezembro de 1935, Ala\u00edde Costa \u00e9 celebrada mundo afora, e tem 25 \u00e1lbuns de carreira, al\u00e9m de compactos simples, outros projetos e quase 80 participa\u00e7\u00f5es em discos e shows. Em outubro do ano passado ela se apresentou no Carnegie Hall, em Nova York, no show \u201cBossa Nova: The Greatest Night\u201d, junto com Seu Jorge, Daniel Jobim, Carlinhos Brown, Roberto Menescal, entre outros artistas. Ala\u00edde Costa, assim como outros m\u00fasicos \u2013 Jo\u00e3o Donato e Johnny Alf, por exemplo \u2013 n\u00e3o esteve no espet\u00e1culo hist\u00f3rico no Carnegie Hall, em novembro de 1962, que deu visibilidade \u00e0 Bossa Nova e aos ent\u00e3o jovens artistas brasileiros como Antonio Carlos Jobim, Jo\u00e3o Gilberto, Carlinhos Lyra, S\u00e9rgio Mendes, Oscar Castro Neves, Roberto Menescal, Dom Um Rom\u00e3o. Em outubro de 2023, ao ser convidada para cantar na famosa sala de m\u00fasica nova-iorquina, Ala\u00edde Costa declarou: \u201c\u00c9 uma enorme satisfa\u00e7\u00e3o finalmente poder levar meu canto ao palco que mostrou a nossa m\u00fasica para o mundo nos anos 1960. Agora v\u00e3o mostrar Ala\u00edde Costa!\u201d.<br>No show no Centro Cultural Sesc Quitandinha, Ala\u00edde Costa ser\u00e1 acompanhada pelo violonista Gabriel Deodato e pelo flautista Alexander Souza, e no programa ela vai revisitar os cl\u00e1ssicos do disco com Oscar Castro Neves como: \u201cAmigo Amado\u201d (Ala\u00edde Costa\/Vinicius de Moraes), \u201cOutono\u201d (Billy Blanco), \u201cS\u00f3 N\u00e3o Vem Voc\u00ea\u201d (Carlos Lyra\/Ronaldo B\u00f4scoli), \u201cNoturno em Tempo de Samba\u201d (Cust\u00f3dio Mesquita\/Evaldo Ruy) \u2013 a primeira m\u00fasica cantada por Ala\u00edde, em um programa de calouros \u2013, \u201cA Dama de Vermelho\u201d (Pedro Caetano\/Alcyr Pires Vermelho), \u201cCompanheira da Manh\u00e3\u201d (Oscar Castro Neves\/Regina Werneck), entre outras.<br>A cantora Sylvinha Telles (1934-1966), morta precocemente aos 32 anos, e amiga de Ala\u00edde, foi homenageada no disco de 1973 com tr\u00eas m\u00fasicas de seu repert\u00f3rio, que estar\u00e3o no espet\u00e1culo: \u201cObrigada Meu Bem\u201d (Aloysio de Oliveira\/Sylvia Telles), \u201cSabe Voc\u00ea\u201d (Carlos Lyra\/Vinicius de Moraes) e \u201cCala Meu Amor (Tom Jobim\/Vinicius de Moraes)\u201d<br>O espetaculo acontece \u00e0s 18h, no Caf\u00e9-Concerto, com entrada gratuita.<\/p>\n","protected":false},"excerpt":{"rendered":"<p>O Centro Cultural Sesc Quitandinha apresenta, no dia 24 de fevereiro o show &#8220;Ala\u00edde Costa<\/p>\n","protected":false},"author":1,"featured_media":38416,"comment_status":"closed","ping_status":"open","sticky":false,"template":"","format":"standard","meta":{"spay_email":"","footnotes":"","jetpack_publicize_message":""},"categories":[1],"tags":[],"jetpack_featured_media_url":"https:\/\/i2.wp.com\/jornaldeitaipava.com.br\/wp-content\/uploads\/2024\/02\/alaide-costa_02_foto-pedro-henrique-ferreira-scaled.jpg?fit=2560%2C1438&ssl=1","jetpack_publicize_connections":[],"jetpack_sharing_enabled":true,"jetpack_likes_enabled":true,"jetpack-related-posts":[],"_links":{"self":[{"href":"https:\/\/jornaldeitaipava.com.br\/index.php\/wp-json\/wp\/v2\/posts\/38415"}],"collection":[{"href":"https:\/\/jornaldeitaipava.com.br\/index.php\/wp-json\/wp\/v2\/posts"}],"about":[{"href":"https:\/\/jornaldeitaipava.com.br\/index.php\/wp-json\/wp\/v2\/types\/post"}],"author":[{"embeddable":true,"href":"https:\/\/jornaldeitaipava.com.br\/index.php\/wp-json\/wp\/v2\/users\/1"}],"replies":[{"embeddable":true,"href":"https:\/\/jornaldeitaipava.com.br\/index.php\/wp-json\/wp\/v2\/comments?post=38415"}],"version-history":[{"count":1,"href":"https:\/\/jornaldeitaipava.com.br\/index.php\/wp-json\/wp\/v2\/posts\/38415\/revisions"}],"predecessor-version":[{"id":38417,"href":"https:\/\/jornaldeitaipava.com.br\/index.php\/wp-json\/wp\/v2\/posts\/38415\/revisions\/38417"}],"wp:featuredmedia":[{"embeddable":true,"href":"https:\/\/jornaldeitaipava.com.br\/index.php\/wp-json\/wp\/v2\/media\/38416"}],"wp:attachment":[{"href":"https:\/\/jornaldeitaipava.com.br\/index.php\/wp-json\/wp\/v2\/media?parent=38415"}],"wp:term":[{"taxonomy":"category","embeddable":true,"href":"https:\/\/jornaldeitaipava.com.br\/index.php\/wp-json\/wp\/v2\/categories?post=38415"},{"taxonomy":"post_tag","embeddable":true,"href":"https:\/\/jornaldeitaipava.com.br\/index.php\/wp-json\/wp\/v2\/tags?post=38415"}],"curies":[{"name":"wp","href":"https:\/\/api.w.org\/{rel}","templated":true}]}}