{"id":38418,"date":"2024-02-23T16:02:33","date_gmt":"2024-02-23T19:02:33","guid":{"rendered":"http:\/\/jornaldeitaipava.com.br\/?p=38418"},"modified":"2024-02-23T16:02:35","modified_gmt":"2024-02-23T19:02:35","slug":"novas-tarifas-do-transporte-intermunicipal-operado-por-onibus-entram-em-vigor-no-sabado","status":"publish","type":"post","link":"https:\/\/jornaldeitaipava.com.br\/index.php\/2024\/02\/23\/novas-tarifas-do-transporte-intermunicipal-operado-por-onibus-entram-em-vigor-no-sabado\/","title":{"rendered":"Novas tarifas do transporte intermunicipal operado por \u00f4nibus entram em vigor no s\u00e1bado"},"content":{"rendered":"\n<p>O Departamento de Transportes Rodovi\u00e1rios (Detro) publicou, nesta ter\u00e7a-feira (20\/02), a portaria n\u00ba 1781, que determina as novas tarifas das linhas de \u00f4nibus intermunicipais. Ficam reajustados nos percentuais de 9,97% os \u00f4nibus urbanos (SA) e rodovi\u00e1rios (A), que atuam na Regi\u00e3o Metropolitana. J\u00e1 os coletivos que operam no interior do estado ficam reajustados em 4,23% os \u00f4nibus rodovi\u00e1rios (A), e em 2,00% os urbanos (SA). As novas tarifas passam a vigorar \u00e0 meia noite do pr\u00f3ximo s\u00e1bado (24\/02).<br>Os \u00edndices de reajuste adotam os crit\u00e9rios do Grupo Executivo de Integra\u00e7\u00e3o da Pol\u00edtica de Transportes (Geipot), metodologia criada para orientar o corpo t\u00e9cnico de diversas prefeituras e munic\u00edpios para o c\u00e1lculo de tarifa de \u00f4nibus. S\u00e3o considerados no c\u00e1lculo os pre\u00e7os dos insumos e os indicadores operacionais (tipo de ve\u00edculo, regi\u00e3o por onde circula, quilometragem, m\u00e9dia de passageiros transportados, entre outros). O \u00faltimo reajuste tarif\u00e1rio ocorreu em fevereiro de 2023.<br>A planilha com as novas tarifas de todas as linhas intermunicipais j\u00e1 est\u00e1 dispon\u00edvel no site do Detro (www.detro.rj.gov.br).<\/p>\n","protected":false},"excerpt":{"rendered":"<p>O Departamento de Transportes Rodovi\u00e1rios (Detro) publicou, nesta ter\u00e7a-feira (20\/02), a portaria n\u00ba 1781, que<\/p>\n","protected":false},"author":1,"featured_media":2974,"comment_status":"closed","ping_status":"open","sticky":false,"template":"","format":"standard","meta":{"spay_email":"","footnotes":"","jetpack_publicize_message":""},"categories":[2],"tags":[],"jetpack_featured_media_url":"https:\/\/i1.wp.com\/jornaldeitaipava.com.br\/wp-content\/uploads\/2020\/10\/RODOVIARIA-PETROPOLIS.jpg?fit=507%2C289&ssl=1","jetpack_publicize_connections":[],"jetpack_sharing_enabled":true,"jetpack_likes_enabled":true,"jetpack-related-posts":[],"_links":{"self":[{"href":"https:\/\/jornaldeitaipava.com.br\/index.php\/wp-json\/wp\/v2\/posts\/38418"}],"collection":[{"href":"https:\/\/jornaldeitaipava.com.br\/index.php\/wp-json\/wp\/v2\/posts"}],"about":[{"href":"https:\/\/jornaldeitaipava.com.br\/index.php\/wp-json\/wp\/v2\/types\/post"}],"author":[{"embeddable":true,"href":"https:\/\/jornaldeitaipava.com.br\/index.php\/wp-json\/wp\/v2\/users\/1"}],"replies":[{"embeddable":true,"href":"https:\/\/jornaldeitaipava.com.br\/index.php\/wp-json\/wp\/v2\/comments?post=38418"}],"version-history":[{"count":1,"href":"https:\/\/jornaldeitaipava.com.br\/index.php\/wp-json\/wp\/v2\/posts\/38418\/revisions"}],"predecessor-version":[{"id":38419,"href":"https:\/\/jornaldeitaipava.com.br\/index.php\/wp-json\/wp\/v2\/posts\/38418\/revisions\/38419"}],"wp:featuredmedia":[{"embeddable":true,"href":"https:\/\/jornaldeitaipava.com.br\/index.php\/wp-json\/wp\/v2\/media\/2974"}],"wp:attachment":[{"href":"https:\/\/jornaldeitaipava.com.br\/index.php\/wp-json\/wp\/v2\/media?parent=38418"}],"wp:term":[{"taxonomy":"category","embeddable":true,"href":"https:\/\/jornaldeitaipava.com.br\/index.php\/wp-json\/wp\/v2\/categories?post=38418"},{"taxonomy":"post_tag","embeddable":true,"href":"https:\/\/jornaldeitaipava.com.br\/index.php\/wp-json\/wp\/v2\/tags?post=38418"}],"curies":[{"name":"wp","href":"https:\/\/api.w.org\/{rel}","templated":true}]}}