{"id":38423,"date":"2024-02-23T16:06:28","date_gmt":"2024-02-23T19:06:28","guid":{"rendered":"http:\/\/jornaldeitaipava.com.br\/?p=38423"},"modified":"2024-02-23T16:06:30","modified_gmt":"2024-02-23T19:06:30","slug":"prefeitura-realiza-primeira-acao-de-castracao-de-caes-e-gatos-de-2024","status":"publish","type":"post","link":"https:\/\/jornaldeitaipava.com.br\/index.php\/2024\/02\/23\/prefeitura-realiza-primeira-acao-de-castracao-de-caes-e-gatos-de-2024\/","title":{"rendered":"Prefeitura realiza primeira a\u00e7\u00e3o de castra\u00e7\u00e3o de c\u00e3es e gatos de 2024"},"content":{"rendered":"\n<p>A Prefeitura, atrav\u00e9s da Coordenadoria de Vigil\u00e2ncia Ambiental da Secretaria de Sa\u00fade, vai realizar 1,1 mil esteriliza\u00e7\u00f5es de c\u00e3es e gatos. A a\u00e7\u00e3o acontecer\u00e1 entre os dias 27 de fevereiro e 5 de mar\u00e7o, no Ciep do Independ\u00eancia. Desta vez, o atendimento se estender\u00e1 \u00e0s comunidades do Alto Independ\u00eancia, Taquara, Bairro Mau\u00e1, Sim\u00e9ria e S\u00e3o Sebasti\u00e3o.<br>Para participar do programa, os tutores dos animais realizaram um cadastro pr\u00e9vio, garantindo assim a organiza\u00e7\u00e3o e o melhor aproveitamento das vagas dispon\u00edveis. &#8220;A castra\u00e7\u00e3o de c\u00e3es e gatos \u00e9 uma medida fundamental para a preven\u00e7\u00e3o de zoonoses e para a redu\u00e7\u00e3o do abandono. Estamos comprometidos em oferecer esse servi\u00e7o \u00e0 popula\u00e7\u00e3o, visando o bem-estar animal e a sa\u00fade coletiva&#8221;, disse o prefeito Rubens Bomtempo, destacando a import\u00e2ncia dessa iniciativa para a sa\u00fade p\u00fablica.<br>O secret\u00e1rio de Sa\u00fade, Marcus Curvelo, enfatiza o sucesso das a\u00e7\u00f5es anteriores e a relev\u00e2ncia do trabalho cont\u00ednuo: &#8220;Em 2023, realizamos um recorde de mais de 3,7 mil castra\u00e7\u00f5es. Isso demonstra o engajamento da popula\u00e7\u00e3o e a efic\u00e1cia dessa estrat\u00e9gia. Com a amplia\u00e7\u00e3o das vagas, esperamos atender ainda mais animais e ampliar os benef\u00edcios para toda a cidade&#8221;, enfatiza.<br>Simone Sisnando, coordenadora de Vigil\u00e2ncia Ambiental, ressalta a necessidade de conscientiza\u00e7\u00e3o sobre a import\u00e2ncia da castra\u00e7\u00e3o. &#8220;\u00c9 fundamental que os tutores compreendam a relev\u00e2ncia desse procedimento n\u00e3o apenas para seus animais de estima\u00e7\u00e3o, mas tamb\u00e9m para toda a comunidade. A castra\u00e7\u00e3o \u00e9 uma medida preventiva que evita a reprodu\u00e7\u00e3o descontrolada, reduzindo assim problemas de sa\u00fade p\u00fablica&#8221;, disse.<\/p>\n","protected":false},"excerpt":{"rendered":"<p>A Prefeitura, atrav\u00e9s da Coordenadoria de Vigil\u00e2ncia Ambiental da Secretaria de Sa\u00fade, vai realizar 1,1<\/p>\n","protected":false},"author":1,"featured_media":21583,"comment_status":"closed","ping_status":"open","sticky":false,"template":"","format":"standard","meta":{"spay_email":"","footnotes":"","jetpack_publicize_message":""},"categories":[2],"tags":[],"jetpack_featured_media_url":"https:\/\/i0.wp.com\/jornaldeitaipava.com.br\/wp-content\/uploads\/2021\/10\/PETS.png?fit=456%2C273&ssl=1","jetpack_publicize_connections":[],"jetpack_sharing_enabled":true,"jetpack_likes_enabled":true,"jetpack-related-posts":[],"_links":{"self":[{"href":"https:\/\/jornaldeitaipava.com.br\/index.php\/wp-json\/wp\/v2\/posts\/38423"}],"collection":[{"href":"https:\/\/jornaldeitaipava.com.br\/index.php\/wp-json\/wp\/v2\/posts"}],"about":[{"href":"https:\/\/jornaldeitaipava.com.br\/index.php\/wp-json\/wp\/v2\/types\/post"}],"author":[{"embeddable":true,"href":"https:\/\/jornaldeitaipava.com.br\/index.php\/wp-json\/wp\/v2\/users\/1"}],"replies":[{"embeddable":true,"href":"https:\/\/jornaldeitaipava.com.br\/index.php\/wp-json\/wp\/v2\/comments?post=38423"}],"version-history":[{"count":1,"href":"https:\/\/jornaldeitaipava.com.br\/index.php\/wp-json\/wp\/v2\/posts\/38423\/revisions"}],"predecessor-version":[{"id":38424,"href":"https:\/\/jornaldeitaipava.com.br\/index.php\/wp-json\/wp\/v2\/posts\/38423\/revisions\/38424"}],"wp:featuredmedia":[{"embeddable":true,"href":"https:\/\/jornaldeitaipava.com.br\/index.php\/wp-json\/wp\/v2\/media\/21583"}],"wp:attachment":[{"href":"https:\/\/jornaldeitaipava.com.br\/index.php\/wp-json\/wp\/v2\/media?parent=38423"}],"wp:term":[{"taxonomy":"category","embeddable":true,"href":"https:\/\/jornaldeitaipava.com.br\/index.php\/wp-json\/wp\/v2\/categories?post=38423"},{"taxonomy":"post_tag","embeddable":true,"href":"https:\/\/jornaldeitaipava.com.br\/index.php\/wp-json\/wp\/v2\/tags?post=38423"}],"curies":[{"name":"wp","href":"https:\/\/api.w.org\/{rel}","templated":true}]}}