{"id":38425,"date":"2024-02-23T16:07:31","date_gmt":"2024-02-23T19:07:31","guid":{"rendered":"http:\/\/jornaldeitaipava.com.br\/?p=38425"},"modified":"2024-02-23T16:07:32","modified_gmt":"2024-02-23T19:07:32","slug":"matriculas-abertas-para-a-educacao-de-jovens-e-adultos","status":"publish","type":"post","link":"https:\/\/jornaldeitaipava.com.br\/index.php\/2024\/02\/23\/matriculas-abertas-para-a-educacao-de-jovens-e-adultos\/","title":{"rendered":"Matr\u00edculas abertas para a Educa\u00e7\u00e3o de Jovens e Adultos"},"content":{"rendered":"\n<p>J\u00e1 est\u00e3o abertas as matr\u00edculas para a Educa\u00e7\u00e3o de Jovens e Adultos (EJA). S\u00e3o vagas do 1\u00ba ao 9\u00ba ano do Ensino Fundamental em 14 escolas da Rede Municipal. Podem se matricular alunos e alunas com idade a partir dos 15 anos completos. A matr\u00edcula poder\u00e1 ser feita pelo aluno e aluna com idade superior a 18 anos, ou pelo respons\u00e1vel legal dos menores na pr\u00f3pria escola.<br>Os documentos necess\u00e1rios s\u00e3o: original da Certid\u00e3o de Nascimento ou Carteira de Identidade (RG); CPF; Comprovante de Resid\u00eancia; Comprovante de Escolaridade (caso tenha) e Cart\u00e3o de Vacina\u00e7\u00e3o.<br>Confira quais s\u00e3o as unidades escolares com EJA:<br>E.M. Bataillard<br>E. M. Governador Marcello Alencar<br>Liceu Municipal Prefeito Cordolino Ambr\u00f3sio<br>E.M. Rosemira de Oliveira Cavalcanti<br>E.M. Geraldo Ventura Dias<br>E.M. Prefeito Jamil Sabr\u00e1<br>Liceu Municipal Carlos Chagas Filho<br>E.M. Monsenhor Jo\u00e3o de Deus Rodrigues<br>E. M. Johann Noel<br>E.M. Professora Maria Campos da Silva<br>E.Mzda Herc\u00edlia Henriques Moret<br>E.Mzda Moys\u00e9s Furtado Bravo<br>Casa da Educa\u00e7\u00e3o Visconde de Mau\u00e1<br>E. Paroquial S\u00e3o Pedro de Alc\u00e2ntara<\/p>\n","protected":false},"excerpt":{"rendered":"<p>J\u00e1 est\u00e3o abertas as matr\u00edculas para a Educa\u00e7\u00e3o de Jovens e Adultos (EJA). S\u00e3o vagas<\/p>\n","protected":false},"author":1,"featured_media":12896,"comment_status":"closed","ping_status":"open","sticky":false,"template":"","format":"standard","meta":{"spay_email":"","footnotes":"","jetpack_publicize_message":""},"categories":[2],"tags":[],"jetpack_featured_media_url":"https:\/\/i0.wp.com\/jornaldeitaipava.com.br\/wp-content\/uploads\/2021\/04\/educa-sala-vazia-1.jpg?fit=546%2C294&ssl=1","jetpack_publicize_connections":[],"jetpack_sharing_enabled":true,"jetpack_likes_enabled":true,"jetpack-related-posts":[],"_links":{"self":[{"href":"https:\/\/jornaldeitaipava.com.br\/index.php\/wp-json\/wp\/v2\/posts\/38425"}],"collection":[{"href":"https:\/\/jornaldeitaipava.com.br\/index.php\/wp-json\/wp\/v2\/posts"}],"about":[{"href":"https:\/\/jornaldeitaipava.com.br\/index.php\/wp-json\/wp\/v2\/types\/post"}],"author":[{"embeddable":true,"href":"https:\/\/jornaldeitaipava.com.br\/index.php\/wp-json\/wp\/v2\/users\/1"}],"replies":[{"embeddable":true,"href":"https:\/\/jornaldeitaipava.com.br\/index.php\/wp-json\/wp\/v2\/comments?post=38425"}],"version-history":[{"count":1,"href":"https:\/\/jornaldeitaipava.com.br\/index.php\/wp-json\/wp\/v2\/posts\/38425\/revisions"}],"predecessor-version":[{"id":38426,"href":"https:\/\/jornaldeitaipava.com.br\/index.php\/wp-json\/wp\/v2\/posts\/38425\/revisions\/38426"}],"wp:featuredmedia":[{"embeddable":true,"href":"https:\/\/jornaldeitaipava.com.br\/index.php\/wp-json\/wp\/v2\/media\/12896"}],"wp:attachment":[{"href":"https:\/\/jornaldeitaipava.com.br\/index.php\/wp-json\/wp\/v2\/media?parent=38425"}],"wp:term":[{"taxonomy":"category","embeddable":true,"href":"https:\/\/jornaldeitaipava.com.br\/index.php\/wp-json\/wp\/v2\/categories?post=38425"},{"taxonomy":"post_tag","embeddable":true,"href":"https:\/\/jornaldeitaipava.com.br\/index.php\/wp-json\/wp\/v2\/tags?post=38425"}],"curies":[{"name":"wp","href":"https:\/\/api.w.org\/{rel}","templated":true}]}}