{"id":38525,"date":"2024-03-02T14:35:47","date_gmt":"2024-03-02T17:35:47","guid":{"rendered":"http:\/\/jornaldeitaipava.com.br\/?p=38525"},"modified":"2024-03-02T14:35:48","modified_gmt":"2024-03-02T17:35:48","slug":"debate-sobre-o-futuro-do-novo-ensino-medio-acontece-na-proxima-segunda-feira","status":"publish","type":"post","link":"https:\/\/jornaldeitaipava.com.br\/index.php\/2024\/03\/02\/debate-sobre-o-futuro-do-novo-ensino-medio-acontece-na-proxima-segunda-feira\/","title":{"rendered":"Debate sobre o futuro do novo ensino m\u00e9dio acontece na pr\u00f3xima segunda-feira"},"content":{"rendered":"\n<p class=\"has-text-align-center\"><em><strong>A vereadora J\u00falia Casamasso e o deputado federal Glauber Braga participam do evento, que ser\u00e1 realizado no Cefet Petr\u00f3polis<\/strong><\/em><\/p>\n\n\n\n<p>Na pr\u00f3xima segunda-feira, dia 4 de mar\u00e7o, \u00e0s 19h, ser\u00e1 realizada uma mesa redonda com o tema \u201cFuturo da Educa\u00e7\u00e3o: Por que \u00e9 preciso revogar o Novo Ensino M\u00e9dio?\u201d. O evento, que \u00e9 uma iniciativa do Movimento Estudantil da cidade, acontecer\u00e1 no sal\u00e3o nobre do CEFET Petr\u00f3polis e tem o apoio e participa\u00e7\u00e3o da vereadora J\u00falia Casamasso, representante da Coletiva Feminista Popular, do deputado federal, Glauber Braga, do professor de Letras, Felipe Ferreira, da militante do Movimento Rebele-se e da Unidade Popular (UP), L\u00eddia Rodrigues, e da estudante do 7\u00ba per\u00edodo da licenciatura em F\u00edsica do CEFET, Juliana Medeiros.<\/p>\n\n\n\n<p>O novo ensino m\u00e9dio entrou em vigor em 2021 e, no modelo atual, h\u00e1 uma redu\u00e7\u00e3o na obrigatoriedade de disciplinas \u2013 antes consideradas essenciais, bem como a diminui\u00e7\u00e3o da carga hor\u00e1ria durante o ano letivo. Foram criadas ainda mat\u00e9rias itiner\u00e1rias, para que os alunos possam se aprofundar em determinados temas, que s\u00e3o ofertadas de acordo com a capacidade de cada institui\u00e7\u00e3o de ensino.<\/p>\n\n\n\n<p>\u201cA verdade \u00e9 que os alunos, e a comunidade escolar de maneira geral, n\u00e3o est\u00e3o satisfeitos com esse modelo de ensino. Muitos reclamam que esse formato n\u00e3o funciona e os obriga a estudar por conta pr\u00f3pria muitas das disciplinas que deixaram de ser ofertadas porque n\u00e3o s\u00e3o mais obrigat\u00f3rias, mesmo&nbsp; que ainda sejam cobradas no Enem e em concursos. Como os estudantes de escolas p\u00fablicas poder\u00e3o competir com os das particulares que continuam com o antigo formato de ensino?\u201d, destaca a parlamentar.<\/p>\n\n\n\n<p>Para J\u00falia, esse formato de ensino amplia as desigualdades socioculturais e econ\u00f4micas. \u201cComo professora, sou a favor da revoga\u00e7\u00e3o do novo ensino m\u00e9dio e que sejam propostas mudan\u00e7as estruturais que acabem com a assimetria na forma\u00e7\u00e3o escolar dos jovens pobres e ricos, que d\u00ea condi\u00e7\u00f5es reais \u00e0 esses alunos de concluir seus estudos para conquistar uma vaga no mercado de trabalho\u201d.<\/p>\n\n\n\n<p>Para o deputado Glauber Braga, o novo ensino m\u00e9dio tem prejudicado os estudantes, professores e trabalhadores da educa\u00e7\u00e3o. \u201cQueremos refletir e discutir sobre o tema, e organizar nossa luta de maneira conjunta , por isso fa\u00e7o esse convite para que todos participem dessa mesa de debate. Essa discuss\u00e3o deve ocorrer em todos os munic\u00edpios do Rio de Janeiro e tem, em Petr\u00f3polis, um local central com poder de mobiliza\u00e7\u00e3o, com capacidade de fazer diferen\u00e7a no estado quando se trata da luta pela educa\u00e7\u00e3o. Contamos com a sua presen\u00e7a\u201d.<\/p>\n\n\n\n<p>Ap\u00f3s a Confer\u00eancia Nacional da Educa\u00e7\u00e3o (Conae), realizada em janeiro deste ano, foi entregue um documento ao Minist\u00e9rio da Educa\u00e7\u00e3o, elaborado com base nas plen\u00e1rias municipal, estadual e nacional, pedindo renova\u00e7\u00f5es e amplia\u00e7\u00f5es de metas do antigo Plano Nacional de Educa\u00e7\u00e3o (PNE), que incluem: o fim do novo ensino m\u00e9dio; educa\u00e7\u00e3o de tempo integral (no m\u00ednimo sete horas de ensino di\u00e1rio) para pelo menos 50% dos estudantes; e investimento de 10% do PIB na educa\u00e7\u00e3o.<\/p>\n\n\n\n<p>\u201cO \u2018novo\u2019 ensino m\u00e9dio atenta diretamente contra o entendimento de inteireza que defendemos para uma Educa\u00e7\u00e3o B\u00e1sica de qualidade, de forma\u00e7\u00e3o profissional e humana. Sob a falsa propaganda de uma expans\u00e3o de possibilidades de escolhas de percurso, o que acontece, na pr\u00e1tica, \u00e9 um esfacelamento do curr\u00edculo, especialmente para os estudantes da escola p\u00fablica. Sua revoga\u00e7\u00e3o por inteiro, como foi sinalizado e defendido na Confer\u00eancia Nacional de Educa\u00e7\u00e3o de 2024 \u00e9 urgente e incontorn\u00e1vel\u201d, explica Felipe Ferreira, que \u00e9 doutor em Educa\u00e7\u00e3o pela Universidade Federal do Rio de Janeiro (UFRJ).<\/p>\n\n\n\n<p>Lembrando que a mesa redonda acontecer\u00e1 no dia 4 de mar\u00e7o, \u00e0s 19h, no sal\u00e3o nobre do CEFET Petr\u00f3polis, localizado na Rua do Imperador, 971, Centro.<\/p>\n","protected":false},"excerpt":{"rendered":"<p>A vereadora J\u00falia Casamasso e o deputado federal Glauber Braga participam do evento, que ser\u00e1<\/p>\n","protected":false},"author":1,"featured_media":38526,"comment_status":"closed","ping_status":"open","sticky":false,"template":"","format":"standard","meta":{"spay_email":"","footnotes":"","jetpack_publicize_message":""},"categories":[2],"tags":[],"jetpack_featured_media_url":"https:\/\/i0.wp.com\/jornaldeitaipava.com.br\/wp-content\/uploads\/2024\/03\/Vereadora-Julia-e-deputado-federal-Glauber-Braga.jpg?fit=2561%2C1497&ssl=1","jetpack_publicize_connections":[],"jetpack_sharing_enabled":true,"jetpack_likes_enabled":true,"jetpack-related-posts":[],"_links":{"self":[{"href":"https:\/\/jornaldeitaipava.com.br\/index.php\/wp-json\/wp\/v2\/posts\/38525"}],"collection":[{"href":"https:\/\/jornaldeitaipava.com.br\/index.php\/wp-json\/wp\/v2\/posts"}],"about":[{"href":"https:\/\/jornaldeitaipava.com.br\/index.php\/wp-json\/wp\/v2\/types\/post"}],"author":[{"embeddable":true,"href":"https:\/\/jornaldeitaipava.com.br\/index.php\/wp-json\/wp\/v2\/users\/1"}],"replies":[{"embeddable":true,"href":"https:\/\/jornaldeitaipava.com.br\/index.php\/wp-json\/wp\/v2\/comments?post=38525"}],"version-history":[{"count":1,"href":"https:\/\/jornaldeitaipava.com.br\/index.php\/wp-json\/wp\/v2\/posts\/38525\/revisions"}],"predecessor-version":[{"id":38527,"href":"https:\/\/jornaldeitaipava.com.br\/index.php\/wp-json\/wp\/v2\/posts\/38525\/revisions\/38527"}],"wp:featuredmedia":[{"embeddable":true,"href":"https:\/\/jornaldeitaipava.com.br\/index.php\/wp-json\/wp\/v2\/media\/38526"}],"wp:attachment":[{"href":"https:\/\/jornaldeitaipava.com.br\/index.php\/wp-json\/wp\/v2\/media?parent=38525"}],"wp:term":[{"taxonomy":"category","embeddable":true,"href":"https:\/\/jornaldeitaipava.com.br\/index.php\/wp-json\/wp\/v2\/categories?post=38525"},{"taxonomy":"post_tag","embeddable":true,"href":"https:\/\/jornaldeitaipava.com.br\/index.php\/wp-json\/wp\/v2\/tags?post=38525"}],"curies":[{"name":"wp","href":"https:\/\/api.w.org\/{rel}","templated":true}]}}