{"id":38528,"date":"2024-03-02T14:37:43","date_gmt":"2024-03-02T17:37:43","guid":{"rendered":"http:\/\/jornaldeitaipava.com.br\/?p=38528"},"modified":"2024-03-02T14:37:45","modified_gmt":"2024-03-02T17:37:45","slug":"deguste-marca-presenca-na-programacao-do-idrio-2024-na-rua-teresa","status":"publish","type":"post","link":"https:\/\/jornaldeitaipava.com.br\/index.php\/2024\/03\/02\/deguste-marca-presenca-na-programacao-do-idrio-2024-na-rua-teresa\/","title":{"rendered":"Deguste marca presen\u00e7a na programa\u00e7\u00e3o do ID:Rio 2024 na Rua Teresa"},"content":{"rendered":"\n<p class=\"has-text-align-center\"><em><strong>Cerveja, m\u00fasica e gastronomia<\/strong><\/em><\/p>\n\n\n\n<p>Uma edi\u00e7\u00e3o especial da Deguste \u00e9 destaque na programa\u00e7\u00e3o do ID:Rio 2024 na Rua Teresa, evento que conta com palestras no Teatro Imperial e um desfile em collab de 25 marcas. A Deguste ocupar\u00e1 uma parte da Rua Teresa com cerveja artesanal, food trucks e apresenta\u00e7\u00f5es musicais, no s\u00e1bado (02) e domingo (03).<\/p>\n\n\n\n<p>\u201cAgradecemos o convite. Para a Deguste, \u00e9 um prazer participar do ID:Rio 2024 e fortalecer esse polo de moda que \u00e9 um destaque na economia da nossa cidade\u201d, afirma Rodrigo Duarte, idealizador da Deguste.<\/p>\n\n\n\n<p>Entre os destaques da Deguste est\u00e3o a participa\u00e7\u00e3o da Cervejaria Bohemia e Duranz, al\u00e9m da Barraca do Pastel e Conytos. Os visitantes poder\u00e3o aproveitar as del\u00edcias no s\u00e1bado (02) das 11h \u00e0s 22h e no domingo (03) de 11h \u00e0s 18h.<\/p>\n\n\n\n<p>No s\u00e1bado, das 14h \u00e0s 15h30 tem apresenta\u00e7\u00e3o da Gig Pop Instrumental e \u00e0s 16h, The Walkmans. No domingo, das 12h \u00e0s 13h30h tem Gig Pop Instrumental e \u00e0s 14h, Pablo e Bernardo.<\/p>\n\n\n\n<p>Mais informa\u00e7\u00f5es sobre as novidades e programa\u00e7\u00e3o da Deguste no Instagram oficial @feiradeguste<\/p>\n\n\n\n<p><strong>Sobre o ID:Rio 2024<\/strong><\/p>\n\n\n\n<p>O Estado do Rio de Janeiro mant\u00e9m-se, h\u00e1 d\u00e9cadas, como um dos principais polos de moda do Brasil: s\u00e3o cerca de 26.700 empresas, distribu\u00eddas em v\u00e1rios n\u00facleos de moda, gerando mais de 195.000 postos de trabalho em toda a cadeia produtiva. Nesse contexto, surge o ID:Rio Festival, evento multiplataforma, com foco no empreendedorismo do trade da moda do Estado do Rio de Janeiro, reunindo forma\u00e7\u00e3o, cultura, economia criativa e experi\u00eancias em um line-up totalmente gratuito. O ID:Rio 2024 re\u00fane esfor\u00e7os para levar informa\u00e7\u00e3o, capacita\u00e7\u00e3o e, sobretudo, oportunidade para uma parcela fundamental da economia fluminense, cujo acesso a ferramentas de aprimoramento profissional, tecnol\u00f3gico e de gest\u00e3o, ainda \u00e9 relativamente restrito. Por isso, em 2024, al\u00e9m de Petr\u00f3polis, Niter\u00f3i e Rio de Janeiro, tamb\u00e9m recebem o evento.<\/p>\n\n\n\n<p>Com o tema \u201cMultiversos Sustent\u00e1veis\u201d, o ID:Rio 2024 ser\u00e1 aberto oficialmente nesta sexta-feira (01), no Teatro Imperial, local que abrigar\u00e1 as&nbsp; palestras do Enel Summit. E, no s\u00e1bado (02\/03), ocorre o desfile collab de 25 marcas da Rua Teresa. Al\u00e9m de Petr\u00f3polis, tamb\u00e9m receber\u00e3o a 3\u00aa edi\u00e7\u00e3o do ID:Rio 2024, Niter\u00f3i e Rio de Janeiro.<\/p>\n\n\n\n<p>O ID:Rio 2024 \u00e9 apresentado por Enel Brasil, com patroc\u00ednio do Governo do Estado do Rio de Janeiro, atrav\u00e9s da Secretaria de Estado de Cultura e Economia Criativa, atrav\u00e9s da Lei Estadual de Incentivo \u00e0 Cultura. Apoio da ARTE (Associa\u00e7\u00e3o da Rua Teresa), Prefeitura de Niter\u00f3i e da Prefeitura de Petr\u00f3polis, com realiza\u00e7\u00e3o da Equipe de Produ\u00e7\u00e3o.<\/p>\n\n\n\n<p><strong>Confira a programa\u00e7\u00e3o:<\/strong><\/p>\n\n\n\n<p><em>01\/03 &#8211; Teatro Imperial:<\/em><\/p>\n\n\n\n<p>15h &#8211; Abertura oficial<\/p>\n\n\n\n<p>16h &#8211; Palestra Case: Mulheres do Sul Global &#8211; Uma Organiza\u00e7\u00e3o do grupo Mulheres do Brasil<\/p>\n\n\n\n<p>17h &#8211; Palestra Visual Merchandising \/ por Grasyelle Ferreira<\/p>\n\n\n\n<p>18h &#8211; Palestra Inova Moda Digital \/ by Senai Cetiqt<\/p>\n\n\n\n<p><em>02\/03 &#8211; Rua Teresa<\/em><\/p>\n\n\n\n<p>18h &#8211; Desfile de encerramento reunindo marcas locais<\/p>\n\n\n\n<p>Edi\u00e7\u00e3o especial da feira de gastronomia Deguste, com atra\u00e7\u00e3o musical<\/p>\n\n\n\n<p><em>03\/03 &#8211; Rua Teresa<\/em><\/p>\n\n\n\n<p>Deguste<\/p>\n","protected":false},"excerpt":{"rendered":"<p>Cerveja, m\u00fasica e gastronomia Uma edi\u00e7\u00e3o especial da Deguste \u00e9 destaque na programa\u00e7\u00e3o do ID:Rio<\/p>\n","protected":false},"author":1,"featured_media":38529,"comment_status":"closed","ping_status":"open","sticky":false,"template":"","format":"standard","meta":{"spay_email":"","footnotes":"","jetpack_publicize_message":""},"categories":[42],"tags":[],"jetpack_featured_media_url":"https:\/\/i0.wp.com\/jornaldeitaipava.com.br\/wp-content\/uploads\/2024\/03\/WhatsApp-Image-2024-02-22-at-15.45.53-1-1.jpeg?fit=600%2C400&ssl=1","jetpack_publicize_connections":[],"jetpack_sharing_enabled":true,"jetpack_likes_enabled":true,"jetpack-related-posts":[],"_links":{"self":[{"href":"https:\/\/jornaldeitaipava.com.br\/index.php\/wp-json\/wp\/v2\/posts\/38528"}],"collection":[{"href":"https:\/\/jornaldeitaipava.com.br\/index.php\/wp-json\/wp\/v2\/posts"}],"about":[{"href":"https:\/\/jornaldeitaipava.com.br\/index.php\/wp-json\/wp\/v2\/types\/post"}],"author":[{"embeddable":true,"href":"https:\/\/jornaldeitaipava.com.br\/index.php\/wp-json\/wp\/v2\/users\/1"}],"replies":[{"embeddable":true,"href":"https:\/\/jornaldeitaipava.com.br\/index.php\/wp-json\/wp\/v2\/comments?post=38528"}],"version-history":[{"count":1,"href":"https:\/\/jornaldeitaipava.com.br\/index.php\/wp-json\/wp\/v2\/posts\/38528\/revisions"}],"predecessor-version":[{"id":38530,"href":"https:\/\/jornaldeitaipava.com.br\/index.php\/wp-json\/wp\/v2\/posts\/38528\/revisions\/38530"}],"wp:featuredmedia":[{"embeddable":true,"href":"https:\/\/jornaldeitaipava.com.br\/index.php\/wp-json\/wp\/v2\/media\/38529"}],"wp:attachment":[{"href":"https:\/\/jornaldeitaipava.com.br\/index.php\/wp-json\/wp\/v2\/media?parent=38528"}],"wp:term":[{"taxonomy":"category","embeddable":true,"href":"https:\/\/jornaldeitaipava.com.br\/index.php\/wp-json\/wp\/v2\/categories?post=38528"},{"taxonomy":"post_tag","embeddable":true,"href":"https:\/\/jornaldeitaipava.com.br\/index.php\/wp-json\/wp\/v2\/tags?post=38528"}],"curies":[{"name":"wp","href":"https:\/\/api.w.org\/{rel}","templated":true}]}}