{"id":38533,"date":"2024-03-02T14:42:58","date_gmt":"2024-03-02T17:42:58","guid":{"rendered":"http:\/\/jornaldeitaipava.com.br\/?p=38533"},"modified":"2024-03-02T14:42:59","modified_gmt":"2024-03-02T17:42:59","slug":"centro-de-cultura-vai-contar-com-atracoes-na-semana-em-comemoracao-ao-dia-internacional-da-mulher","status":"publish","type":"post","link":"https:\/\/jornaldeitaipava.com.br\/index.php\/2024\/03\/02\/centro-de-cultura-vai-contar-com-atracoes-na-semana-em-comemoracao-ao-dia-internacional-da-mulher\/","title":{"rendered":"Centro de Cultura vai contar com atra\u00e7\u00f5es na semana em comemora\u00e7\u00e3o ao Dia Internacional da Mulher"},"content":{"rendered":"\n<p>Em comemora\u00e7\u00e3o ao Dia Internacional da Mulher, a Prefeitura de Petr\u00f3polis, por meio da Secretaria de Cultura, est\u00e1 promovendo uma semana especial com atividades no Centro de Cultura Raul de Leoni. A programa\u00e7\u00e3o \u00e9 gratuita e vai dia 04 a 08 de mar\u00e7o.<br>\u201cVamos ter uma programa\u00e7\u00e3o extensa n\u00e3o apenas no Centro de Cultura, mas tamb\u00e9m em outros equipamentos p\u00fablicos, al\u00e9m da tradicional Corrida da Mulher e o Festival Mulher Arte e Luta em Cascatinha. O Dia Internacional da Mulher n\u00e3o \u00e9 apenas uma data de celebra\u00e7\u00e3o, mas tamb\u00e9m estar ao lado das mulheres na luta por direitos e igualdade\u201d, disse o prefeito Rubens Bomtempo.<br>A programa\u00e7\u00e3o conta com palestras e roda de conversa no Teatro Afonso Arinos e apresenta\u00e7\u00e3o do Coral Pr\u00f3-Tempore na escadaria interna do Centro de Cultura Raul de Leoni. \u201cAs palestras tem como tema \u2018Mulheres no processo liter\u00e1rio: mulheres incr\u00edveis que inspiram com sua trajet\u00f3ria e conquistas\u2019, idealizado pela equipe da Biblioteca Municipal Gabriela Mistral\u201d, comentou a secret\u00e1ria de Cultura, Diana Iliescu.<br>Confira a programa\u00e7\u00e3o no Centro de Cultura Raul de Leoni<\/p>\n\n\n\n<p class=\"has-text-align-center\"><strong>Semana em comemora\u00e7\u00e3o ao Dia Internacional da Mulher<\/strong><\/p>\n\n\n\n<p><strong>04\/03 \u2013 14h<br><\/strong>Palestra: \u201cPetr\u00f3polis sob as lentes de Carolina Freitas: os bastidores do projeto de resgate e valoriza\u00e7\u00e3o da mem\u00f3ria petropolitana\u201d<br>Carolina Freitas &#8211; jornalista, pesquisadora e escritora<\/p>\n\n\n\n<p><strong>05\/03 &#8211; 14h<br><\/strong>Palestra: \u201cLivro n\u00e3o me toca seu boboca\u201d da autora Andrea Viviana Taubman, aplica\u00e7\u00e3o do livro pelos professores nas escolas com o intuito de auxiliar na preven\u00e7\u00e3o do abuso sexual infantil<br>Andrea Viviana Taubman &#8211; escritora, tradutora, palestrante e contadora de hist\u00f3rias<br>Atividade direcionada exclusivamente ao p\u00fablico adulto<\/p>\n\n\n\n<p><strong>06\/03 &#8211; 14h<br><\/strong>Roda de conversa \u201cProjeto Leia Mulheres Petr\u00f3polis\u201d<br>Media\u00e7\u00e3o e leitura \u2013 Parceria do Leia Mulheres Petr\u00f3polis, Biblioteca do CEFET Petr\u00f3polis e do N\u00facleo de Estudos em Educa\u00e7\u00e3o e Linguagem (NELINE)<br>Coordenadoras: Linda Feitoza, Drica Madeira, Luciana de Souza Castro e Elisabeth Gon\u00e7alves de Souza<\/p>\n\n\n\n<p><strong>07\/03 &#8211; 14h<br><\/strong>Palestra: \u201cA Pol\u00edtica Social e o Feminismo na Poesia de Catarina Maul\u201d<br>Uma roda de conversa cr\u00edtica e declama\u00e7\u00f5es de poesias autorais<br>Catarina Maul &#8211; escritora, editora, produtora cultural, mediadora de leituras e ativista<\/p>\n\n\n\n<p><strong>08\/03 &#8211; 14h<br><\/strong>Palestra: \u201cCarreira em Foco: Desafios e Realiza\u00e7\u00f5es\u201d<br>Maria de F\u00e1tima Moraes Argon &#8211; Arquivista e Historiadora<\/p>\n\n\n\n<p>17h30<br>Escadaria interna do Centro de Cultura<br>Coral Pro Tempore &#8211; 25 anos<br>Apresenta Concerto Comemorativo ao Dia Internacional da Mulher<\/p>\n","protected":false},"excerpt":{"rendered":"<p>Em comemora\u00e7\u00e3o ao Dia Internacional da Mulher, a Prefeitura de Petr\u00f3polis, por meio da Secretaria<\/p>\n","protected":false},"author":1,"featured_media":7655,"comment_status":"closed","ping_status":"open","sticky":false,"template":"","format":"standard","meta":{"spay_email":"","footnotes":"","jetpack_publicize_message":""},"categories":[1],"tags":[],"jetpack_featured_media_url":"https:\/\/i2.wp.com\/jornaldeitaipava.com.br\/wp-content\/uploads\/2020\/12\/CENTRO-DE-CULTURA-RL-1.jpg?fit=862%2C425&ssl=1","jetpack_publicize_connections":[],"jetpack_sharing_enabled":true,"jetpack_likes_enabled":true,"jetpack-related-posts":[],"_links":{"self":[{"href":"https:\/\/jornaldeitaipava.com.br\/index.php\/wp-json\/wp\/v2\/posts\/38533"}],"collection":[{"href":"https:\/\/jornaldeitaipava.com.br\/index.php\/wp-json\/wp\/v2\/posts"}],"about":[{"href":"https:\/\/jornaldeitaipava.com.br\/index.php\/wp-json\/wp\/v2\/types\/post"}],"author":[{"embeddable":true,"href":"https:\/\/jornaldeitaipava.com.br\/index.php\/wp-json\/wp\/v2\/users\/1"}],"replies":[{"embeddable":true,"href":"https:\/\/jornaldeitaipava.com.br\/index.php\/wp-json\/wp\/v2\/comments?post=38533"}],"version-history":[{"count":1,"href":"https:\/\/jornaldeitaipava.com.br\/index.php\/wp-json\/wp\/v2\/posts\/38533\/revisions"}],"predecessor-version":[{"id":38534,"href":"https:\/\/jornaldeitaipava.com.br\/index.php\/wp-json\/wp\/v2\/posts\/38533\/revisions\/38534"}],"wp:featuredmedia":[{"embeddable":true,"href":"https:\/\/jornaldeitaipava.com.br\/index.php\/wp-json\/wp\/v2\/media\/7655"}],"wp:attachment":[{"href":"https:\/\/jornaldeitaipava.com.br\/index.php\/wp-json\/wp\/v2\/media?parent=38533"}],"wp:term":[{"taxonomy":"category","embeddable":true,"href":"https:\/\/jornaldeitaipava.com.br\/index.php\/wp-json\/wp\/v2\/categories?post=38533"},{"taxonomy":"post_tag","embeddable":true,"href":"https:\/\/jornaldeitaipava.com.br\/index.php\/wp-json\/wp\/v2\/tags?post=38533"}],"curies":[{"name":"wp","href":"https:\/\/api.w.org\/{rel}","templated":true}]}}