{"id":38535,"date":"2024-03-02T14:44:44","date_gmt":"2024-03-02T17:44:44","guid":{"rendered":"http:\/\/jornaldeitaipava.com.br\/?p=38535"},"modified":"2024-03-02T14:44:45","modified_gmt":"2024-03-02T17:44:45","slug":"cidade-registra-primeira-morte-por-dengue","status":"publish","type":"post","link":"https:\/\/jornaldeitaipava.com.br\/index.php\/2024\/03\/02\/cidade-registra-primeira-morte-por-dengue\/","title":{"rendered":"Cidade registra primeira morte por dengue"},"content":{"rendered":"\n<p>A Secretaria de Sa\u00fade informa o registro do primeiro \u00f3bito por dengue no munic\u00edpio. O paciente, um homem de 40 anos, veio a \u00f3bito no \u00faltimo dia 24 de fevereiro. Ele j\u00e1 chegou em estado grave na UPA Cascatinha e foi transferido para uma unidade de CTI. O diagn\u00f3stico da causa da morte foi confirmado por meio de exame laboratorial realizado pelo LACEN-RJ (Laborat\u00f3rio Central Noel Nutels), liberado na manh\u00e3 de quinta-feira, 29 de fevereiro.<br>Petr\u00f3polis registrou 530 casos de dengue no munic\u00edpio (atualizado nesta sexta, 1\u00ba de mar\u00e7o). Desde a \u00faltima semana, as tr\u00eas UPAs (Centro, Cascatinha e Itaipava), est\u00e3o trabalhando com refor\u00e7os nas equipes m\u00e9dicas devido ao aumento de pacientes com sintomas da doen\u00e7a.<br>A Prefeitura decretou Emerg\u00eancia de Sa\u00fade P\u00fablica visando uma resposta mais \u00e1gil \u00e0s a\u00e7\u00f5es de combate \u00e0 dengue, refor\u00e7ando o compromisso da administra\u00e7\u00e3o em intensificar os esfor\u00e7os para proteger a popula\u00e7\u00e3o e conter a propaga\u00e7\u00e3o da dengue no munic\u00edpio.<br>\u00c9 importante ressaltar que somente com o engajamento de todos ser\u00e1 poss\u00edvel combater o mosquito transmissor. A colabora\u00e7\u00e3o de cada um \u00e9 essencial para vencermos essa batalha contra a dengue.<\/p>\n","protected":false},"excerpt":{"rendered":"<p>A Secretaria de Sa\u00fade informa o registro do primeiro \u00f3bito por dengue no munic\u00edpio. O<\/p>\n","protected":false},"author":1,"featured_media":36824,"comment_status":"closed","ping_status":"open","sticky":false,"template":"","format":"standard","meta":{"spay_email":"","footnotes":"","jetpack_publicize_message":""},"categories":[2],"tags":[],"jetpack_featured_media_url":"https:\/\/i1.wp.com\/jornaldeitaipava.com.br\/wp-content\/uploads\/2023\/10\/dengue.jpeg?fit=1200%2C801&ssl=1","jetpack_publicize_connections":[],"jetpack_sharing_enabled":true,"jetpack_likes_enabled":true,"jetpack-related-posts":[],"_links":{"self":[{"href":"https:\/\/jornaldeitaipava.com.br\/index.php\/wp-json\/wp\/v2\/posts\/38535"}],"collection":[{"href":"https:\/\/jornaldeitaipava.com.br\/index.php\/wp-json\/wp\/v2\/posts"}],"about":[{"href":"https:\/\/jornaldeitaipava.com.br\/index.php\/wp-json\/wp\/v2\/types\/post"}],"author":[{"embeddable":true,"href":"https:\/\/jornaldeitaipava.com.br\/index.php\/wp-json\/wp\/v2\/users\/1"}],"replies":[{"embeddable":true,"href":"https:\/\/jornaldeitaipava.com.br\/index.php\/wp-json\/wp\/v2\/comments?post=38535"}],"version-history":[{"count":1,"href":"https:\/\/jornaldeitaipava.com.br\/index.php\/wp-json\/wp\/v2\/posts\/38535\/revisions"}],"predecessor-version":[{"id":38536,"href":"https:\/\/jornaldeitaipava.com.br\/index.php\/wp-json\/wp\/v2\/posts\/38535\/revisions\/38536"}],"wp:featuredmedia":[{"embeddable":true,"href":"https:\/\/jornaldeitaipava.com.br\/index.php\/wp-json\/wp\/v2\/media\/36824"}],"wp:attachment":[{"href":"https:\/\/jornaldeitaipava.com.br\/index.php\/wp-json\/wp\/v2\/media?parent=38535"}],"wp:term":[{"taxonomy":"category","embeddable":true,"href":"https:\/\/jornaldeitaipava.com.br\/index.php\/wp-json\/wp\/v2\/categories?post=38535"},{"taxonomy":"post_tag","embeddable":true,"href":"https:\/\/jornaldeitaipava.com.br\/index.php\/wp-json\/wp\/v2\/tags?post=38535"}],"curies":[{"name":"wp","href":"https:\/\/api.w.org\/{rel}","templated":true}]}}