{"id":38537,"date":"2024-03-02T14:46:32","date_gmt":"2024-03-02T17:46:32","guid":{"rendered":"http:\/\/jornaldeitaipava.com.br\/?p=38537"},"modified":"2024-03-02T14:46:33","modified_gmt":"2024-03-02T17:46:33","slug":"camara-municipal-aprova-projeto-de-lei-que-estabelece-a-disponibilizacao-de-carrinhos-de-compras-adaptados-em-mercados","status":"publish","type":"post","link":"https:\/\/jornaldeitaipava.com.br\/index.php\/2024\/03\/02\/camara-municipal-aprova-projeto-de-lei-que-estabelece-a-disponibilizacao-de-carrinhos-de-compras-adaptados-em-mercados\/","title":{"rendered":"C\u00e2mara Municipal aprova projeto de lei que estabelece a disponibiliza\u00e7\u00e3o de carrinhos de compras adaptados em mercados"},"content":{"rendered":"\n<p>Durante a sess\u00e3o plen\u00e1ria da \u00faltima quinta-feira (29), na C\u00e2mara Municipal, foi aprovado um projeto de lei de autoria do vereador Domingos Protetor o qual institui que supermercados, hipermercados e demais estabelecimentos do munic\u00edpio disponibilizem carrinhos de compras adaptados \u00e0s pessoas com defici\u00eancia ou com mobilidade reduzida.<br>O texto aprovado informa que locais com \u00e1rea igual ou superior a mil metros quadrados dever\u00e3o identificar os carrinhos para facilitar a utiliza\u00e7\u00e3o e disponibilizar, no m\u00ednimo, 2% deles com adapta\u00e7\u00e3o, visando garantir o direito de acessibilidade destas pessoas. \u201cVemos as dificuldades que o cadeirante tem quando vai fazer suas compras e n\u00e3o se sente \u00e0 vontade, pois n\u00e3o possui carrinho adaptado. O objetivo \u00e9 proteger e dar assist\u00eancia p\u00fablica \u00e0s pessoas portadoras de defici\u00eancia, de forma que vivam mais independentes e com maior participa\u00e7\u00e3o na sociedade\u201d, comenta o vereador.<br>O projeto tamb\u00e9m pontua que os estabelecimentos devem cumprir as normas gerais de acessibilidade, estando adaptados n\u00e3o somente em sua quest\u00e3o arquitet\u00f4nica, mas tamb\u00e9m em atendimento adequado com equipamentos apropriados a cada tipo de com\u00e9rcio. \u201cNo caso, lojas de roupas devem ter provadores acess\u00edveis, restaurantes, mesas adaptadas e, em supermercados, carrinhos de compras espec\u00edficos \u00e0s pessoas com defici\u00eancia e mobilidade reduzida\u201d, explica Domingos.<br>Em caso de descumprimento da lei, o local ser\u00e1 notificado para realizar a regulariza\u00e7\u00e3o no prazo de 60 dias, poder\u00e1 incidir multa di\u00e1ria cinco UFPE\u2019s, enquanto perdurar a irregularidade e, at\u00e9 mesmo, suspens\u00e3o de alvar\u00e1 de funcionamento.<br>O projeto de lei segue para an\u00e1lise do Poder Executivo.<\/p>\n","protected":false},"excerpt":{"rendered":"<p>Durante a sess\u00e3o plen\u00e1ria da \u00faltima quinta-feira (29), na C\u00e2mara Municipal, foi aprovado um projeto<\/p>\n","protected":false},"author":1,"featured_media":38538,"comment_status":"closed","ping_status":"open","sticky":false,"template":"","format":"standard","meta":{"spay_email":"","footnotes":"","jetpack_publicize_message":""},"categories":[2],"tags":[],"jetpack_featured_media_url":"https:\/\/i1.wp.com\/jornaldeitaipava.com.br\/wp-content\/uploads\/2024\/03\/WhatsApp-Image-2024-02-29-at-16.25.28.jpeg?fit=1600%2C1066&ssl=1","jetpack_publicize_connections":[],"jetpack_sharing_enabled":true,"jetpack_likes_enabled":true,"jetpack-related-posts":[],"_links":{"self":[{"href":"https:\/\/jornaldeitaipava.com.br\/index.php\/wp-json\/wp\/v2\/posts\/38537"}],"collection":[{"href":"https:\/\/jornaldeitaipava.com.br\/index.php\/wp-json\/wp\/v2\/posts"}],"about":[{"href":"https:\/\/jornaldeitaipava.com.br\/index.php\/wp-json\/wp\/v2\/types\/post"}],"author":[{"embeddable":true,"href":"https:\/\/jornaldeitaipava.com.br\/index.php\/wp-json\/wp\/v2\/users\/1"}],"replies":[{"embeddable":true,"href":"https:\/\/jornaldeitaipava.com.br\/index.php\/wp-json\/wp\/v2\/comments?post=38537"}],"version-history":[{"count":1,"href":"https:\/\/jornaldeitaipava.com.br\/index.php\/wp-json\/wp\/v2\/posts\/38537\/revisions"}],"predecessor-version":[{"id":38539,"href":"https:\/\/jornaldeitaipava.com.br\/index.php\/wp-json\/wp\/v2\/posts\/38537\/revisions\/38539"}],"wp:featuredmedia":[{"embeddable":true,"href":"https:\/\/jornaldeitaipava.com.br\/index.php\/wp-json\/wp\/v2\/media\/38538"}],"wp:attachment":[{"href":"https:\/\/jornaldeitaipava.com.br\/index.php\/wp-json\/wp\/v2\/media?parent=38537"}],"wp:term":[{"taxonomy":"category","embeddable":true,"href":"https:\/\/jornaldeitaipava.com.br\/index.php\/wp-json\/wp\/v2\/categories?post=38537"},{"taxonomy":"post_tag","embeddable":true,"href":"https:\/\/jornaldeitaipava.com.br\/index.php\/wp-json\/wp\/v2\/tags?post=38537"}],"curies":[{"name":"wp","href":"https:\/\/api.w.org\/{rel}","templated":true}]}}