{"id":38540,"date":"2024-03-02T14:55:56","date_gmt":"2024-03-02T17:55:56","guid":{"rendered":"http:\/\/jornaldeitaipava.com.br\/?p=38540"},"modified":"2024-03-02T14:55:58","modified_gmt":"2024-03-02T17:55:58","slug":"mec-divulga-resultado-da-segunda-chamada-do-prouni","status":"publish","type":"post","link":"https:\/\/jornaldeitaipava.com.br\/index.php\/2024\/03\/02\/mec-divulga-resultado-da-segunda-chamada-do-prouni\/","title":{"rendered":"MEC divulga resultado da segunda chamada do Prouni"},"content":{"rendered":"\n<p>Com quatro dias de atraso, o Minist\u00e9rio da Educa\u00e7\u00e3o (MEC) divulgou neste s\u00e1bado (2) a lista dos candidatos pr\u00e9-selecionados na segunda chamada da oferta de bolsas da edi\u00e7\u00e3o 2024 do Programa Universidade para Todos (Prouni).A lista j\u00e1 est\u00e1 dispon\u00edvel no Portal \u00danico de Acesso ao Ensino Superior.<br>Com o atraso na divulga\u00e7\u00e3o da segunda chamada, que estava prevista para a \u00faltima ter\u00e7a-feira (27), houve altera\u00e7\u00e3o tamb\u00e9m no prazo para entrega de documenta\u00e7\u00e3o do candidato pr\u00e9-selecionado, que vai at\u00e9 o dia 12 de mar\u00e7o. A apresenta\u00e7\u00e3o pode ser feita presencialmente na institui\u00e7\u00e3o de ensino ou por meio eletr\u00f4nico.<br>Caso o candidato n\u00e3o seja selecionado nas duas chamadas, poder\u00e1 manifestar interesse na lista de espera nos dias 18 e 19 de mar\u00e7o. A divulga\u00e7\u00e3o da lista de espera est\u00e1 prevista para o dia 22 de mar\u00e7o.<br>De acordo com o MEC, a primeira edi\u00e7\u00e3o de 2024 do Prouni recebeu a inscri\u00e7\u00e3o de 716.759 pessoas. Ser\u00e3o ofertadas nesta edi\u00e7\u00e3o 406.428 bolsas, sendo 308.977 integrais e 97.451 parciais em 15.482 cursos de 1.028 institui\u00e7\u00f5es.<br>O MEC n\u00e3o divulgou o motivo do atraso, apenas informou nesta sexta-feira (1) que as equipes t\u00e9cnicas da Subsecretaria de Tecnologia da Informa\u00e7\u00e3o e Comunica\u00e7\u00e3o e da Secretaria de Educa\u00e7\u00e3o Superior estavam trabalhando para divulgar os resultados da segunda chamada do Prouni \u201co mais r\u00e1pido poss\u00edvel\u201d.<\/p>\n\n\n\n<p><strong>Programa<br><\/strong>O Programa Universidade Para Todos foi criado em 2004 para oferecer bolsas de estudo\u202f(integrais e parciais)\u202fem cursos de gradua\u00e7\u00e3o e sequenciais de forma\u00e7\u00e3o espec\u00edfica em faculdades privadas.\u202f\u202f<br>A sele\u00e7\u00e3o \u00e9 realizada duas vezes ao ano\u202fe\u202ftem como\u202fp\u00fablico-alvo o estudante sem diploma de n\u00edvel superior. Como crit\u00e9rios para sele\u00e7\u00e3o dos candidatos, o Prouni considera a renda familiar bruta mensal, por pessoa; se o candidato cursou integralmente o ensino m\u00e9dio em escola da rede p\u00fablica ou na condi\u00e7\u00e3o de bolsista integral em institui\u00e7\u00e3o privada de ensino m\u00e9dio, ou ser pessoa com defici\u00eancia, entre outros previstos na legisla\u00e7\u00e3o.<\/p>\n\n\n\n<p>Da Ag\u00eancia Brasil<\/p>\n","protected":false},"excerpt":{"rendered":"<p>Com quatro dias de atraso, o Minist\u00e9rio da Educa\u00e7\u00e3o (MEC) divulgou neste s\u00e1bado (2) a<\/p>\n","protected":false},"author":1,"featured_media":13357,"comment_status":"closed","ping_status":"open","sticky":false,"template":"","format":"standard","meta":{"spay_email":"","footnotes":"","jetpack_publicize_message":""},"categories":[9],"tags":[],"jetpack_featured_media_url":"https:\/\/i0.wp.com\/jornaldeitaipava.com.br\/wp-content\/uploads\/2021\/04\/PROUNI.jpg?fit=1920%2C1080&ssl=1","jetpack_publicize_connections":[],"jetpack_sharing_enabled":true,"jetpack_likes_enabled":true,"jetpack-related-posts":[],"_links":{"self":[{"href":"https:\/\/jornaldeitaipava.com.br\/index.php\/wp-json\/wp\/v2\/posts\/38540"}],"collection":[{"href":"https:\/\/jornaldeitaipava.com.br\/index.php\/wp-json\/wp\/v2\/posts"}],"about":[{"href":"https:\/\/jornaldeitaipava.com.br\/index.php\/wp-json\/wp\/v2\/types\/post"}],"author":[{"embeddable":true,"href":"https:\/\/jornaldeitaipava.com.br\/index.php\/wp-json\/wp\/v2\/users\/1"}],"replies":[{"embeddable":true,"href":"https:\/\/jornaldeitaipava.com.br\/index.php\/wp-json\/wp\/v2\/comments?post=38540"}],"version-history":[{"count":1,"href":"https:\/\/jornaldeitaipava.com.br\/index.php\/wp-json\/wp\/v2\/posts\/38540\/revisions"}],"predecessor-version":[{"id":38541,"href":"https:\/\/jornaldeitaipava.com.br\/index.php\/wp-json\/wp\/v2\/posts\/38540\/revisions\/38541"}],"wp:featuredmedia":[{"embeddable":true,"href":"https:\/\/jornaldeitaipava.com.br\/index.php\/wp-json\/wp\/v2\/media\/13357"}],"wp:attachment":[{"href":"https:\/\/jornaldeitaipava.com.br\/index.php\/wp-json\/wp\/v2\/media?parent=38540"}],"wp:term":[{"taxonomy":"category","embeddable":true,"href":"https:\/\/jornaldeitaipava.com.br\/index.php\/wp-json\/wp\/v2\/categories?post=38540"},{"taxonomy":"post_tag","embeddable":true,"href":"https:\/\/jornaldeitaipava.com.br\/index.php\/wp-json\/wp\/v2\/tags?post=38540"}],"curies":[{"name":"wp","href":"https:\/\/api.w.org\/{rel}","templated":true}]}}