{"id":38542,"date":"2024-03-02T15:03:40","date_gmt":"2024-03-02T18:03:40","guid":{"rendered":"http:\/\/jornaldeitaipava.com.br\/?p=38542"},"modified":"2024-03-02T15:03:41","modified_gmt":"2024-03-02T18:03:41","slug":"prf-lanca-operacao-nacional-para-reforcar-seguranca-nas-rodovias","status":"publish","type":"post","link":"https:\/\/jornaldeitaipava.com.br\/index.php\/2024\/03\/02\/prf-lanca-operacao-nacional-para-reforcar-seguranca-nas-rodovias\/","title":{"rendered":"PRF lan\u00e7a opera\u00e7\u00e3o nacional para refor\u00e7ar seguran\u00e7a nas rodovias"},"content":{"rendered":"\n<p class=\"has-text-align-center\"><strong>Diretor do \u00f3rg\u00e3o quer autoriza\u00e7\u00e3o para contratar aprovados em concurso<\/strong><\/p>\n\n\n\n<p><br>A Pol\u00edcia Rodovi\u00e1ria Federal (PRF) deu in\u00edcio, nesta sexta-feira (1), \u00e0 Opera\u00e7\u00e3o Nacional de Seguran\u00e7a Vi\u00e1ria. O objetivo \u00e9 reduzir o n\u00famero de acidentes nas rodovias federais. Para isso, a PRF promete intensificar as a\u00e7\u00f5es com foco na seguran\u00e7a vi\u00e1ria em todo o pa\u00eds, ao longo de todo este ano.<br>A opera\u00e7\u00e3o nacional foi lan\u00e7ada oficialmente na manh\u00e3 de hoje, em S\u00e3o Lu\u00eds, durante cerim\u00f4nia na Assembleia Legislativa do Maranh\u00e3o. O evento contou com a presen\u00e7a do diretor-geral da PRF, Fernando Oliveira, de parlamentares e representantes de \u00f3rg\u00e3os de seguran\u00e7a federais e estaduais.<br>Segundo a PRF, o refor\u00e7o das a\u00e7\u00f5es de seguran\u00e7a vi\u00e1ria em trechos cr\u00edticos das estradas e rodovias federais foi decidido em decorr\u00eancia dos resultados da Opera\u00e7\u00e3o Rodovida 23\/24, realizada entre 18 de dezembro de 2023 e 18 de fevereiro deste ano.<br>Al\u00e9m de ampliar o efetivo nos trechos da malha vi\u00e1ria federal considerados cr\u00edticos, a PRF planeja dar prioridade \u00e0s atividades integradas \u2013 tanto as realizadas pelas superintend\u00eancias estaduais, quanto as executadas com outros \u00f3rg\u00e3os p\u00fablicos que atuam na seguran\u00e7a vi\u00e1ria. A opera\u00e7\u00e3o nacional tamb\u00e9m abranger\u00e1 ainda a\u00e7\u00f5es pontuais, realizadas em per\u00edodos de grande movimento, como feriados, datas festivas e per\u00edodos de f\u00e9rias escolares.<br>Pouco antes de participar da cerim\u00f4nia de lan\u00e7amento da Opera\u00e7\u00e3o Nacional de Seguran\u00e7a Vi\u00e1ria, o diretor-geral da PRF foi entrevistado pelo jornalista Ronald Segundo, no programa Di\u00e1rio da Manh\u00e3, da R\u00e1dio Assembleia. Oliveira informou que j\u00e1 pediu aos minist\u00e9rios da Gest\u00e3o e da Inova\u00e7\u00e3o em Servi\u00e7o P\u00fablicos e da Justi\u00e7a e Seguran\u00e7a P\u00fablica autoriza\u00e7\u00e3o para realizar novas contrata\u00e7\u00f5es, inclusive de aprovados no \u00faltimo concurso p\u00fablico feio pelo \u00f3rg\u00e3o.<br>\u201cEste desejo de [parte da popula\u00e7\u00e3o] perceber a PRF [presente] em todos os munic\u00edpios tamb\u00e9m \u00e9 um desejo nosso. Agora, \u00e9 aquela quest\u00e3o: [avaliar as] necessidades e as possibilidades. Entendemos isso, mas estamos requerendo ao governo [\u2026], aos ministros, para que, este ano, consigamos fazer o chamamento [convoca\u00e7\u00e3o] para formar uma nova turma [a partir] do excedente que ainda temos. Isso possibilitar\u00e1 aumentarmos o quantitativo da PRF e refor\u00e7ar o policiamento nas rodovias\u201d, comentou Oliveira, reconhecendo que, apesar dos esfor\u00e7os, o Brasil ainda convive com n\u00fameros muito altos de acidentes de tr\u00e2nsito.<br>\u201cMas, por mais que a gente se esforce, n\u00e3o vamos conseguir fiscalizar todo o trecho, 24 horas por dia. Fazemos a presen\u00e7a no trecho, mas em locais pontuais. Passou da fiscaliza\u00e7\u00e3o, a responsabilidade no tr\u00e2nsito \u00e9 do condutor. Por isso, a PRF faz um esfor\u00e7o muito grande no trabalho de educa\u00e7\u00e3o e conscientiza\u00e7\u00e3o no tr\u00e2nsito\u201d, acrescentou o diretor-geral antes de admitir que a PRF tem que \u201cincrementar\u201d sua atua\u00e7\u00e3o nas regi\u00f5es Norte e Nordeste do Brasil. \u201cEntendo que a PRF \u00e9 um \u00f3rg\u00e3o nacional e, desta forma, nossa presen\u00e7a tem que ser [proporcionalmente] semelhante em qualquer estado, em qualquer regi\u00e3o, do pa\u00eds.\u201d<\/p>\n\n\n\n<p>Da Ag\u00eancia Brasil<\/p>\n","protected":false},"excerpt":{"rendered":"<p>Diretor do \u00f3rg\u00e3o quer autoriza\u00e7\u00e3o para contratar aprovados em concurso A Pol\u00edcia Rodovi\u00e1ria Federal (PRF)<\/p>\n","protected":false},"author":1,"featured_media":31771,"comment_status":"closed","ping_status":"open","sticky":false,"template":"","format":"standard","meta":{"spay_email":"","footnotes":"","jetpack_publicize_message":""},"categories":[9],"tags":[],"jetpack_featured_media_url":"https:\/\/i1.wp.com\/jornaldeitaipava.com.br\/wp-content\/uploads\/2022\/11\/PRF.png?fit=1023%2C533&ssl=1","jetpack_publicize_connections":[],"jetpack_sharing_enabled":true,"jetpack_likes_enabled":true,"jetpack-related-posts":[],"_links":{"self":[{"href":"https:\/\/jornaldeitaipava.com.br\/index.php\/wp-json\/wp\/v2\/posts\/38542"}],"collection":[{"href":"https:\/\/jornaldeitaipava.com.br\/index.php\/wp-json\/wp\/v2\/posts"}],"about":[{"href":"https:\/\/jornaldeitaipava.com.br\/index.php\/wp-json\/wp\/v2\/types\/post"}],"author":[{"embeddable":true,"href":"https:\/\/jornaldeitaipava.com.br\/index.php\/wp-json\/wp\/v2\/users\/1"}],"replies":[{"embeddable":true,"href":"https:\/\/jornaldeitaipava.com.br\/index.php\/wp-json\/wp\/v2\/comments?post=38542"}],"version-history":[{"count":1,"href":"https:\/\/jornaldeitaipava.com.br\/index.php\/wp-json\/wp\/v2\/posts\/38542\/revisions"}],"predecessor-version":[{"id":38543,"href":"https:\/\/jornaldeitaipava.com.br\/index.php\/wp-json\/wp\/v2\/posts\/38542\/revisions\/38543"}],"wp:featuredmedia":[{"embeddable":true,"href":"https:\/\/jornaldeitaipava.com.br\/index.php\/wp-json\/wp\/v2\/media\/31771"}],"wp:attachment":[{"href":"https:\/\/jornaldeitaipava.com.br\/index.php\/wp-json\/wp\/v2\/media?parent=38542"}],"wp:term":[{"taxonomy":"category","embeddable":true,"href":"https:\/\/jornaldeitaipava.com.br\/index.php\/wp-json\/wp\/v2\/categories?post=38542"},{"taxonomy":"post_tag","embeddable":true,"href":"https:\/\/jornaldeitaipava.com.br\/index.php\/wp-json\/wp\/v2\/tags?post=38542"}],"curies":[{"name":"wp","href":"https:\/\/api.w.org\/{rel}","templated":true}]}}