{"id":38545,"date":"2024-03-04T17:02:59","date_gmt":"2024-03-04T20:02:59","guid":{"rendered":"http:\/\/jornaldeitaipava.com.br\/?p=38545"},"modified":"2024-03-04T17:03:01","modified_gmt":"2024-03-04T20:03:01","slug":"4a-edicao-do-lugar-de-fala-fara-uma-conexao-com-o-dia-internacional-da-mulher","status":"publish","type":"post","link":"https:\/\/jornaldeitaipava.com.br\/index.php\/2024\/03\/04\/4a-edicao-do-lugar-de-fala-fara-uma-conexao-com-o-dia-internacional-da-mulher\/","title":{"rendered":"4\u00aa edi\u00e7\u00e3o do Lugar de Fala far\u00e1 uma conex\u00e3o com o Dia Internacional da Mulher"},"content":{"rendered":"\n<p class=\"has-text-align-center\"><strong>Desta vez, o tema central provocativo ser\u00e1: Quem tem medo da igualdade de g\u00eanero?<\/strong><\/p>\n\n\n\n<p><br>Promovido pelo Instituto Yduqs, em parceria com a Est\u00e1cio, o Semin\u00e1rio gratuito reunir\u00e1 vozes nacionais, l\u00edderes, autoridades e estudiosos, trazendo \u00e0 baila quest\u00f5es relevantes sobre a igualdade de g\u00eanero<br>O Instituto Yduqs, em parceria com a Est\u00e1cio, promover\u00e1, em 5 de mar\u00e7o, a quarta edi\u00e7\u00e3o do semin\u00e1rio gratuito \u201cLugar de Fala\u201d. O evento, que acontecer\u00e1 das 9h30 \u00e0s 17h30, ser\u00e1 uma oportunidade \u00fanica de mergulhar nas profundezas das quest\u00f5es de g\u00eanero e explorar as complexidades da igualdade em nossa sociedade contempor\u00e2nea. O encontro, promovido em alus\u00e3o ao Dia Internacional da Mulher, far\u00e1 uma conex\u00e3o com a s\u00e9rie autoral da institui\u00e7\u00e3o de ensino superior: &#8220;Brilhantes: Estrelas da Revolu\u00e7\u00e3o\u201d, abra\u00e7a o tema provocativo: &#8220;Quem tem medo da igualdade de g\u00eanero?&#8221; Por conta de sua relev\u00e2ncia nacional, o \u201cLugar de Fala\u201d ser\u00e1 transmitido por meio do Canal do YouTube da Est\u00e1cio: www.youtube.com\/watch?v=wEagbGbKFLs .<br>&#8220;O Instituto Yduqs e a Est\u00e1cio est\u00e3o sempre presentes em pautas que lutam por mais diversidade e inclus\u00e3o \u00b4Quem tem medo da igualdade de g\u00eanero?\u00b4 \u00e9 mais do que uma pergunta ret\u00f3rica; \u00e9 um convite para confrontar nossos medos, desafiar as normas existentes e colaborar na constru\u00e7\u00e3o de um futuro mais igualit\u00e1rio e inclusivo para todos que fazem parte de nossa sociedade contempor\u00e2nea.&#8221;, comenta Cl\u00e1udia Romano, presidente do Instituto Yduqs e vice-presidente do grupo educacional Yduqs.<br>O evento reunir\u00e1 profissionais e ativistas com expertise e comprometidos com o tema para dialogar sobre diversos aspectos da igualdade de g\u00eanero e suas ramifica\u00e7\u00f5es em nossa cultura, sociedade e locais de trabalho. Ele contar\u00e1 com 4 mesas redondas envolventes, cuja jornada vai explorar os seguintes temas: Igualdade de G\u00eanero e Empoderamento &#8211; De qual igualdade estamos falando?; Masculinidades &#8211; O Lugar do Masculino na Constru\u00e7\u00e3o de uma Sociedade mais igualit\u00e1ria; Viol\u00eancia de G\u00eanero \u2013 Justi\u00e7a, uma palavra feminina; e Interseccionalidade e Representatividade &#8211; Femininos plurais e Representatividade nos Espa\u00e7os de Poder. O final da 4\u00aa edi\u00e7\u00e3o do \u201cLugar de Fala\u201d ter\u00e1 como encerramento uma masterclass esclarecedora sobre machismo estrutural velado na sociedade, oferecendo ferramentas pr\u00e1ticas e insights valiosos para combater esse problema no ambiente de trabalho e em nossa sociedade.<br>Para Fl\u00e1vio Murillo, diretor Nacional de Ensino da Est\u00e1cio, o Semin\u00e1rio Lugar de Fala realiza debates importantes para a promo\u00e7\u00e3o de um ambiente com mais equidade. &#8220;\u00c9 de suma import\u00e2ncia fomentar iniciativas acad\u00eamicas que sejam dedicadas \u00e0 inclus\u00e3o de g\u00eanero e abordem essa tem\u00e1tica. Eventos dessa natureza desempenham um papel fundamental na constru\u00e7\u00e3o de uma sociedade mais igualit\u00e1ria, onde todas as pessoas s\u00e3o valorizadas, independentemente de sua orienta\u00e7\u00e3o sexual, identidade de g\u00eanero ou express\u00e3o de g\u00eanero. O nosso objetivo \u00e9 promover, para nossos alunos e para o p\u00fablico, um espa\u00e7o para discutir e celebrar a diversidade, contribuir para a conscientiza\u00e7\u00e3o, a educa\u00e7\u00e3o e a promo\u00e7\u00e3o de direitos e igualdade das mulheres&#8221;, finaliza.<br>Al\u00e9m de participar do Semin\u00e1rio, o p\u00fablico tamb\u00e9m poder\u00e1 realizar um curso gratuito para ser maratonado como s\u00e9rie. Brilhantes: Estrelas da Revolu\u00e7\u00e3o apresenta uma linguagem bem pr\u00f3xima dos jovens, onde os convidados ir\u00e3o explorar suas tem\u00e1ticas, trazendo uma abordagem pessoal e contextualiza\u00e7\u00e3o hist\u00f3rica e consequ\u00eancias sociais.<\/p>\n\n\n\n<p>Servi\u00e7o:<br>Evento &#8211; 4\u00aaLugar de Fala | M\u00eas do Dia Internacional das Mulheres<br>Data \u2013 5 de mar\u00e7o &#8211; ter\u00e7a-feira<br>Hor\u00e1rio das 9h30 \u00e0s 17h30<br>Transmiss\u00e3o ao vivo por meio do Link: <a href=\"http:\/\/www.youtube.com\/watch?v=wEagbGbKFLs\">www.youtube.com\/watch?v=wEagbGbKFLs<\/a><\/p>\n\n\n\n<p>Na parte da tarde, teremos outros nomes expressivos, como Lu Rufino (Advogada, ativista movimento de pessoas com defici\u00eancia); Claudia Moraes (Major da PM-RJ e chefe Escrit\u00f3rio Preven\u00e7\u00e3o Viol\u00eancia Dom\u00e9stica); Andre Gustavo (Desembargador do TJ-RJ \u2013 e egresso doutorado da Est\u00e1cio); Tain\u00e1 de Paula (Secret\u00e1ria do Meio Ambiente do Munic\u00edpio do Rio de Janeiro); Sara Wagner York (Pedagoga, jornalista e egressa da Est\u00e1cio); Nanny Fagianno (Diretora de ESG); Marisa Gaudio (Advogada, conselheira da OAB Nacional e Presidente da CAARJ) e Ma\u00edra Fernandes (Advogada Criminalista e professora).<\/p>\n","protected":false},"excerpt":{"rendered":"<p>Desta vez, o tema central provocativo ser\u00e1: Quem tem medo da igualdade de g\u00eanero? Promovido<\/p>\n","protected":false},"author":1,"featured_media":38546,"comment_status":"closed","ping_status":"open","sticky":false,"template":"","format":"standard","meta":{"spay_email":"","footnotes":"","jetpack_publicize_message":""},"categories":[1],"tags":[],"jetpack_featured_media_url":"https:\/\/i1.wp.com\/jornaldeitaipava.com.br\/wp-content\/uploads\/2024\/03\/WhatsApp-Image-2024-03-04-at-15.06.50.jpeg?fit=754%2C455&ssl=1","jetpack_publicize_connections":[],"jetpack_sharing_enabled":true,"jetpack_likes_enabled":true,"jetpack-related-posts":[],"_links":{"self":[{"href":"https:\/\/jornaldeitaipava.com.br\/index.php\/wp-json\/wp\/v2\/posts\/38545"}],"collection":[{"href":"https:\/\/jornaldeitaipava.com.br\/index.php\/wp-json\/wp\/v2\/posts"}],"about":[{"href":"https:\/\/jornaldeitaipava.com.br\/index.php\/wp-json\/wp\/v2\/types\/post"}],"author":[{"embeddable":true,"href":"https:\/\/jornaldeitaipava.com.br\/index.php\/wp-json\/wp\/v2\/users\/1"}],"replies":[{"embeddable":true,"href":"https:\/\/jornaldeitaipava.com.br\/index.php\/wp-json\/wp\/v2\/comments?post=38545"}],"version-history":[{"count":1,"href":"https:\/\/jornaldeitaipava.com.br\/index.php\/wp-json\/wp\/v2\/posts\/38545\/revisions"}],"predecessor-version":[{"id":38547,"href":"https:\/\/jornaldeitaipava.com.br\/index.php\/wp-json\/wp\/v2\/posts\/38545\/revisions\/38547"}],"wp:featuredmedia":[{"embeddable":true,"href":"https:\/\/jornaldeitaipava.com.br\/index.php\/wp-json\/wp\/v2\/media\/38546"}],"wp:attachment":[{"href":"https:\/\/jornaldeitaipava.com.br\/index.php\/wp-json\/wp\/v2\/media?parent=38545"}],"wp:term":[{"taxonomy":"category","embeddable":true,"href":"https:\/\/jornaldeitaipava.com.br\/index.php\/wp-json\/wp\/v2\/categories?post=38545"},{"taxonomy":"post_tag","embeddable":true,"href":"https:\/\/jornaldeitaipava.com.br\/index.php\/wp-json\/wp\/v2\/tags?post=38545"}],"curies":[{"name":"wp","href":"https:\/\/api.w.org\/{rel}","templated":true}]}}