{"id":38550,"date":"2024-03-05T09:10:28","date_gmt":"2024-03-05T12:10:28","guid":{"rendered":"http:\/\/jornaldeitaipava.com.br\/?p=38550"},"modified":"2024-03-05T09:10:31","modified_gmt":"2024-03-05T12:10:31","slug":"republicanos-petropolis-emite-nota-oficial-sobre-eleicoes-de2024","status":"publish","type":"post","link":"https:\/\/jornaldeitaipava.com.br\/index.php\/2024\/03\/05\/republicanos-petropolis-emite-nota-oficial-sobre-eleicoes-de2024\/","title":{"rendered":"Republicanos Petr\u00f3polis emite nota oficial sobre elei\u00e7\u00f5es de2024"},"content":{"rendered":"\n<p>O Republicanos Petr\u00f3polis vem a p\u00fablico reiterar, mais uma vez, que por delibera\u00e7\u00e3o das Executivas Nacional, Estadual e Municipal, LAN\u00c7AR\u00c1 CANDIDATURA PR\u00d3PRIA PARA PREFEITO nas elei\u00e7\u00f5es municipais deste ano.<br>\u201cContamos com grandes nomes em nosso quadro de filiados, em especial do nosso querido PROFESSOR LEANDRO AZEVEDO \u2013 CONFIRMADO COMO PR\u00c9-CANDIDATO A PREFEITO DE PETR\u00d3POLIS, em ato realizado na C\u00e2mara de Vereadores pela Executiva Estadual em dezembro de 2023. Um nome forte testado em urna com 23.719 votos, ou seja 16,61% dos votos v\u00e1lidos em 2020\u201d, afirma Matheus Quintal, presidente do Republicanos\u201d, destacando ainda que os \u00daNICOS parlamentares no exerc\u00edcio de mandato na nominata em forma\u00e7\u00e3o para disputa do Legislativo ser\u00e3o EDUARDO DO BLOG \u2013 atualmente l\u00edder do partido na C\u00e2mara de Vereadores e suplente do Republicanos RJ na C\u00e2mara Federal e MAURO PERALTA, hoje Vereador pelo PRTB, partido aliado j\u00e1 convidado para ingressar no Republicanos.<br>A Dire\u00e7\u00e3o Municipal REPUDIA qualquer tentativa de manipula\u00e7\u00e3o dos fatos.<br>\u201cN\u00f3s, do Republicanos Petr\u00f3polis, estamos de portas abertas para novos pr\u00e9-candidatos alinhados aos valores conservadores. Nesses 18 anos, o partido trilhou um caminho de crescimento e sucesso a cada elei\u00e7\u00e3o, e hoje reafirma sua independ\u00eancia pol\u00edtica diante das principais discuss\u00f5es nacionais, estaduais e municipais\u201d, completa.<\/p>\n","protected":false},"excerpt":{"rendered":"<p>O Republicanos Petr\u00f3polis vem a p\u00fablico reiterar, mais uma vez, que por delibera\u00e7\u00e3o das Executivas<\/p>\n","protected":false},"author":1,"featured_media":38551,"comment_status":"closed","ping_status":"open","sticky":false,"template":"","format":"standard","meta":{"spay_email":"","footnotes":"","jetpack_publicize_message":""},"categories":[2],"tags":[],"jetpack_featured_media_url":"https:\/\/i0.wp.com\/jornaldeitaipava.com.br\/wp-content\/uploads\/2024\/03\/Matheus-Quintal-2-scaled.jpeg?fit=2560%2C2049&ssl=1","jetpack_publicize_connections":[],"jetpack_sharing_enabled":true,"jetpack_likes_enabled":true,"jetpack-related-posts":[],"_links":{"self":[{"href":"https:\/\/jornaldeitaipava.com.br\/index.php\/wp-json\/wp\/v2\/posts\/38550"}],"collection":[{"href":"https:\/\/jornaldeitaipava.com.br\/index.php\/wp-json\/wp\/v2\/posts"}],"about":[{"href":"https:\/\/jornaldeitaipava.com.br\/index.php\/wp-json\/wp\/v2\/types\/post"}],"author":[{"embeddable":true,"href":"https:\/\/jornaldeitaipava.com.br\/index.php\/wp-json\/wp\/v2\/users\/1"}],"replies":[{"embeddable":true,"href":"https:\/\/jornaldeitaipava.com.br\/index.php\/wp-json\/wp\/v2\/comments?post=38550"}],"version-history":[{"count":1,"href":"https:\/\/jornaldeitaipava.com.br\/index.php\/wp-json\/wp\/v2\/posts\/38550\/revisions"}],"predecessor-version":[{"id":38552,"href":"https:\/\/jornaldeitaipava.com.br\/index.php\/wp-json\/wp\/v2\/posts\/38550\/revisions\/38552"}],"wp:featuredmedia":[{"embeddable":true,"href":"https:\/\/jornaldeitaipava.com.br\/index.php\/wp-json\/wp\/v2\/media\/38551"}],"wp:attachment":[{"href":"https:\/\/jornaldeitaipava.com.br\/index.php\/wp-json\/wp\/v2\/media?parent=38550"}],"wp:term":[{"taxonomy":"category","embeddable":true,"href":"https:\/\/jornaldeitaipava.com.br\/index.php\/wp-json\/wp\/v2\/categories?post=38550"},{"taxonomy":"post_tag","embeddable":true,"href":"https:\/\/jornaldeitaipava.com.br\/index.php\/wp-json\/wp\/v2\/tags?post=38550"}],"curies":[{"name":"wp","href":"https:\/\/api.w.org\/{rel}","templated":true}]}}