{"id":38553,"date":"2024-03-05T09:12:16","date_gmt":"2024-03-05T12:12:16","guid":{"rendered":"http:\/\/jornaldeitaipava.com.br\/?p=38553"},"modified":"2024-03-05T09:12:17","modified_gmt":"2024-03-05T12:12:17","slug":"segunda-edicao-do-tpm-2024-celebra-dia-da-mulher-no-auditorio-do-serratec","status":"publish","type":"post","link":"https:\/\/jornaldeitaipava.com.br\/index.php\/2024\/03\/05\/segunda-edicao-do-tpm-2024-celebra-dia-da-mulher-no-auditorio-do-serratec\/","title":{"rendered":"SEGUNDA EDI\u00c7\u00c3O DO TPM 2024 CELEBRA DIA DA MULHER NO AUDIT\u00d3RIO DO SERRATEC"},"content":{"rendered":"\n<p>Objetivo \u00e9 refor\u00e7ar networking entre mulheres e conhecimento sobre gest\u00e3o do tempo<br>O networking entre mulheres empreendedoras est\u00e1 de volta com a segunda edi\u00e7\u00e3o do TPM \u2013 Tech Papo Mulher, no dia 9 de mar\u00e7o, de 9h03 \u00e0s 11h57, no audit\u00f3rio do apoiador Serratec (Rua Afr\u00e2nio Melo Franco, 333 \u2013 Quitandinha). Realizado pela startup MentorApp, sob o comando da CEO Marcilene Scantamburlo, o evento vai dar continuidade \u00e0 rede de apoio m\u00fatuo e de aprendizados em tecnologia para as mulheres. Desta vez, o foco vai ser \u201cGest\u00e3o do Tempo\u201d, onde as participantes v\u00e3o descobrir como ter mais liberdade na vida pessoal e profissional por meio de ferramentas tecnol\u00f3gicas. Os ingressos podem ser adquiridos na plataforma virtual do Sympla e h\u00e1 promocionais para quem levar a amiga: www.sympla.com.br\/evento\/tpm-tech-papo-mulher-2-edicao\/2333764?share_id=copiarlink<br>\u201cCriamos esse evento recorrente para ajudarmos a inspirar as mulheres nesse mundo mais din\u00e2mico, para que sejam protagonistas de sua pr\u00f3pria hist\u00f3ria. Estou muito feliz de realizar o segundo TPM na semana em que todas as mulheres s\u00e3o homenageadas no Dia Internacional da Mulher\u201d, ressaltou Marcilene. Para celebrar a data, o evento tamb\u00e9m ter\u00e1 caf\u00e9 da manh\u00e3 e sorteio de brindes especiais de apoiadores como o da \u00d3tica Imp\u00e9rio Visual, entre outros.<br>Palestrante em eventos concorridos de tecnologia, como o Summit AI e o Rio Innovation Week, e de empreendedorismo, como a Feira Nacional de Empreendedorismo do Sebrae &#8211; o Empreende Rio-, Marcilene e a MentoApp, incubada no Laborat\u00f3rio Nacional de Computa\u00e7\u00e3o Cient\u00edfica, receberam premia\u00e7\u00e3o internacional por um \u00f3rg\u00e3o da \u00e1rea de tecnologia que engloba mais de 80 pa\u00edses: a WITSA (World Innovation, Technology and Services Alliance). Essa associa\u00e7\u00e3o reconheceu com m\u00e9rito mundial o projeto Comunidades Inteligentes, onde Marcilene e equipe atuaram justamente desenvolvendo mulheres empreendedoras da favela da Rocinha, no Rio de Janeiro.<br>O projeto piloto, apoiado pela Faperj, tamb\u00e9m recebeu o Pr\u00eamio Destaque na categoria ESG (Environmental, Social and Governance) do Educa Week 2023, considerado o maior evento do Brasil em transforma\u00e7\u00e3o e educa\u00e7\u00e3o. O TPM faz parte de todo o esfor\u00e7o de Marcilene, que \u00e9 especialista em Inova\u00e7\u00e3o e Intelig\u00eancia Artificial, em ajudar as mulheres a empreenderem e criarem seus pr\u00f3prios neg\u00f3cios em um mundo essencialmente masculino, principalmente quando o assunto \u00e9 tecnologia.<\/p>\n\n\n\n<p><strong>Servi\u00e7o 2\u00ba TPM \u2013 TECH PAPO MULHER<br><\/strong>Data: 09\/03\/2024<br>Hora: 9h03 \u00e0s 11h57<br>Local: Audit\u00f3rio do apoiador Serratec \u2013 Rua Afr\u00e2nio Melo Fraco, 333.<br>Convites pelo Sympla no link: <a href=\"http:\/\/www.sympla.com.br\/evento\/tpm-tech-papo-mulher-2-edicao\/2333764?share_id=copiarlink\">www.sympla.com.br\/evento\/tpm-tech-papo-mulher-2-edicao\/2333764?share_id=copiarlink<\/a><\/p>\n\n\n\n<p>Vagas limitadas<br>Realiza\u00e7\u00e3o: MentorApp &#8211; Inova\u00e7\u00e3o e Tecnologias Educacionais Ltda (Startup incubada no Laborat\u00f3rio Nacional de Computa\u00e7\u00e3o Cient\u00edfica &#8211; LNCC, Rua Get\u00falio Vargas, 333 \u2013 Quitandinha, Petr\u00f3polis).<\/p>\n","protected":false},"excerpt":{"rendered":"<p>Objetivo \u00e9 refor\u00e7ar networking entre mulheres e conhecimento sobre gest\u00e3o do tempoO networking entre mulheres<\/p>\n","protected":false},"author":1,"featured_media":16451,"comment_status":"closed","ping_status":"open","sticky":false,"template":"","format":"standard","meta":{"spay_email":"","footnotes":"","jetpack_publicize_message":""},"categories":[1],"tags":[],"jetpack_featured_media_url":"https:\/\/i1.wp.com\/jornaldeitaipava.com.br\/wp-content\/uploads\/2021\/06\/serratec.png?fit=419%2C250&ssl=1","jetpack_publicize_connections":[],"jetpack_sharing_enabled":true,"jetpack_likes_enabled":true,"jetpack-related-posts":[],"_links":{"self":[{"href":"https:\/\/jornaldeitaipava.com.br\/index.php\/wp-json\/wp\/v2\/posts\/38553"}],"collection":[{"href":"https:\/\/jornaldeitaipava.com.br\/index.php\/wp-json\/wp\/v2\/posts"}],"about":[{"href":"https:\/\/jornaldeitaipava.com.br\/index.php\/wp-json\/wp\/v2\/types\/post"}],"author":[{"embeddable":true,"href":"https:\/\/jornaldeitaipava.com.br\/index.php\/wp-json\/wp\/v2\/users\/1"}],"replies":[{"embeddable":true,"href":"https:\/\/jornaldeitaipava.com.br\/index.php\/wp-json\/wp\/v2\/comments?post=38553"}],"version-history":[{"count":1,"href":"https:\/\/jornaldeitaipava.com.br\/index.php\/wp-json\/wp\/v2\/posts\/38553\/revisions"}],"predecessor-version":[{"id":38554,"href":"https:\/\/jornaldeitaipava.com.br\/index.php\/wp-json\/wp\/v2\/posts\/38553\/revisions\/38554"}],"wp:featuredmedia":[{"embeddable":true,"href":"https:\/\/jornaldeitaipava.com.br\/index.php\/wp-json\/wp\/v2\/media\/16451"}],"wp:attachment":[{"href":"https:\/\/jornaldeitaipava.com.br\/index.php\/wp-json\/wp\/v2\/media?parent=38553"}],"wp:term":[{"taxonomy":"category","embeddable":true,"href":"https:\/\/jornaldeitaipava.com.br\/index.php\/wp-json\/wp\/v2\/categories?post=38553"},{"taxonomy":"post_tag","embeddable":true,"href":"https:\/\/jornaldeitaipava.com.br\/index.php\/wp-json\/wp\/v2\/tags?post=38553"}],"curies":[{"name":"wp","href":"https:\/\/api.w.org\/{rel}","templated":true}]}}