{"id":38555,"date":"2024-03-05T09:13:55","date_gmt":"2024-03-05T12:13:55","guid":{"rendered":"http:\/\/jornaldeitaipava.com.br\/?p=38555"},"modified":"2024-03-05T09:13:56","modified_gmt":"2024-03-05T12:13:56","slug":"deguste-especial-comemoracao-de-st-patricks-day","status":"publish","type":"post","link":"https:\/\/jornaldeitaipava.com.br\/index.php\/2024\/03\/05\/deguste-especial-comemoracao-de-st-patricks-day\/","title":{"rendered":"Deguste especial: comemora\u00e7\u00e3o de St Patrick\u2019s Day"},"content":{"rendered":"\n<p class=\"has-text-align-center\"><strong>Vista verde e aproveite as cervejas especiais<\/strong><\/p>\n\n\n\n<p>A pr\u00f3xima Deguste j\u00e1 tem data marcada: 8 e 9 de mar\u00e7o. E, para deixar a programa\u00e7\u00e3o ainda mais especial, a feira vai comemorar St Patrick &#8216;s Day! M\u00fasica, novidades e muita divers\u00e3o esperam os petropolitanos e turistas em mais uma edi\u00e7\u00e3o da mais famosa feira cervejeira do Estado.<br>Patrick &#8216;s Day \u00e9 uma festa da cultura da Irlanda que se expandiu a partir da imigra\u00e7\u00e3o irlandesa. A comemora\u00e7\u00e3o oficial ocorre no dia 17 de mar\u00e7o, data em que se lembra o anivers\u00e1rio de morte de S\u00e3o Patr\u00edcio, o padroeiro do pa\u00eds europeu. A celebra\u00e7\u00e3o come\u00e7ou no s\u00e9culo XVII e, desde ent\u00e3o, muitas tradi\u00e7\u00f5es se concentram em torno de St Patrick &#8216;s. Uma delas \u00e9 usar um ramo de trevos no dia 17 de mar\u00e7o. Os duendes tamb\u00e9m t\u00eam sua parte na hist\u00f3ria:acredita-se que vestir uma pe\u00e7a da cor verde traz boa sorte e torna a pessoa invis\u00edvel para os leprechauns, figuras mitol\u00f3gicas do folclore irland\u00eas.<br>\u201cA comemora\u00e7\u00e3o ganhou espa\u00e7o em v\u00e1rios pa\u00edses e, hoje, \u00e9 destaque no calend\u00e1rio cervejeiro. Novas produ\u00e7\u00f5es s\u00e3o lan\u00e7adas e o p\u00fablico se encanta com a festa\u201d, conta Rodrigo Duarte, idealizador da Deguste.<\/p>\n\n\n\n<p>Especial Mulheres<br>A edi\u00e7\u00e3o especial ter\u00e1 novidades para o p\u00fablico feminino: como parte da comemora\u00e7\u00e3o pelo Dia Internacional da Mulher, a Deguste preparou surpresas e presentes para esse p\u00fablico que, a cada dia, conquista um lugar de destaque no mundo cervejeiro. \u201c\u00c9 \u00f3timo poder acompanhar toda a evolu\u00e7\u00e3o feminina nesse setor que est\u00e1 em crescimento e que revela muitos talentos\u201d, declara Gabrielle Rosendo, produtora da Deguste e integrante da Confraria Coisa de Mulher.<br>Confira a programa\u00e7\u00e3o especial:<\/p>\n\n\n\n<p><strong>Sexta-feira, dia 8:<br><\/strong>20h30 &#8211; Leticia e Driely convidam Ashley Mello e Manu Maia (Homenagem Dia das Mulheres) \/ Sertanejo<\/p>\n\n\n\n<p><strong>S\u00e1bado, dia 9:<br><\/strong>15h &#8211; Trova di Gaia (M\u00fasica t\u00edpica irlandesa)<br>18h &#8211; Corcel M\u00e1gico (Folk)<br>20h30 &#8211; Rock Revival (Classic Rock)<br>Toda a programa\u00e7\u00e3o especial da Deguste St Patrick &#8216;s ser\u00e1 divulgada nos pr\u00f3ximos dias. As novidades tamb\u00e9m ser\u00e3o publicadas no Instagram oficial @feiradeguste<\/p>\n","protected":false},"excerpt":{"rendered":"<p>Vista verde e aproveite as cervejas especiais A pr\u00f3xima Deguste j\u00e1 tem data marcada: 8<\/p>\n","protected":false},"author":1,"featured_media":33576,"comment_status":"closed","ping_status":"open","sticky":false,"template":"","format":"standard","meta":{"spay_email":"","footnotes":"","jetpack_publicize_message":""},"categories":[42],"tags":[],"jetpack_featured_media_url":"https:\/\/i2.wp.com\/jornaldeitaipava.com.br\/wp-content\/uploads\/2023\/03\/deguste.png?fit=588%2C368&ssl=1","jetpack_publicize_connections":[],"jetpack_sharing_enabled":true,"jetpack_likes_enabled":true,"jetpack-related-posts":[],"_links":{"self":[{"href":"https:\/\/jornaldeitaipava.com.br\/index.php\/wp-json\/wp\/v2\/posts\/38555"}],"collection":[{"href":"https:\/\/jornaldeitaipava.com.br\/index.php\/wp-json\/wp\/v2\/posts"}],"about":[{"href":"https:\/\/jornaldeitaipava.com.br\/index.php\/wp-json\/wp\/v2\/types\/post"}],"author":[{"embeddable":true,"href":"https:\/\/jornaldeitaipava.com.br\/index.php\/wp-json\/wp\/v2\/users\/1"}],"replies":[{"embeddable":true,"href":"https:\/\/jornaldeitaipava.com.br\/index.php\/wp-json\/wp\/v2\/comments?post=38555"}],"version-history":[{"count":1,"href":"https:\/\/jornaldeitaipava.com.br\/index.php\/wp-json\/wp\/v2\/posts\/38555\/revisions"}],"predecessor-version":[{"id":38556,"href":"https:\/\/jornaldeitaipava.com.br\/index.php\/wp-json\/wp\/v2\/posts\/38555\/revisions\/38556"}],"wp:featuredmedia":[{"embeddable":true,"href":"https:\/\/jornaldeitaipava.com.br\/index.php\/wp-json\/wp\/v2\/media\/33576"}],"wp:attachment":[{"href":"https:\/\/jornaldeitaipava.com.br\/index.php\/wp-json\/wp\/v2\/media?parent=38555"}],"wp:term":[{"taxonomy":"category","embeddable":true,"href":"https:\/\/jornaldeitaipava.com.br\/index.php\/wp-json\/wp\/v2\/categories?post=38555"},{"taxonomy":"post_tag","embeddable":true,"href":"https:\/\/jornaldeitaipava.com.br\/index.php\/wp-json\/wp\/v2\/tags?post=38555"}],"curies":[{"name":"wp","href":"https:\/\/api.w.org\/{rel}","templated":true}]}}