{"id":38557,"date":"2024-03-05T09:15:19","date_gmt":"2024-03-05T12:15:19","guid":{"rendered":"http:\/\/jornaldeitaipava.com.br\/?p=38557"},"modified":"2024-03-05T09:15:20","modified_gmt":"2024-03-05T12:15:20","slug":"prefeitura-inicia-segunda-parte-do-projeto-de-acuidade-visual-para-estudantes-da-rede-municipal","status":"publish","type":"post","link":"https:\/\/jornaldeitaipava.com.br\/index.php\/2024\/03\/05\/prefeitura-inicia-segunda-parte-do-projeto-de-acuidade-visual-para-estudantes-da-rede-municipal\/","title":{"rendered":"Prefeitura inicia segunda parte do projeto de acuidade visual para estudantes da rede municipal"},"content":{"rendered":"\n<p class=\"has-text-align-center\"><strong>Segunda etapa \u00e9 em parceria com a Zeiss e a Unifase<\/strong><\/p>\n\n\n\n<p><br>Oitenta e sete alunos e alunas da rede municipal est\u00e3o participando da segunda fase do projeto de acuidade visual, promovido entre a Prefeitura, a multinacional alem\u00e3 Zeiss e a Unifase. Nesta etapa, os estudantes est\u00e3o passando por avalia\u00e7\u00e3o m\u00e9dica profissional onde ser\u00e1 definido o tratamento ou a troca dos \u00f3culos.<br>Na primeira fase, realizada no ano passado, 300 pares de \u00f3culos com lentes Zeiss foram doados para os estudantes da rede p\u00fablica do primeiro ao nono ano do Ensino Fundamental. O projeto acontece com as escolas das regi\u00f5es do Bingen e Mosela, localidades que j\u00e1 receberam as a\u00e7\u00f5es do programa Nosso Bairro.<br>\u201cPrecisamos avan\u00e7ar ainda mais nesse projeto. \u00c9 uma responsabilidade de todos n\u00f3s construirmos juntos a\u00e7\u00f5es para o desenvolvimento das nossas crian\u00e7as e adolescentes\u201d, disse o prefeito Rubens Bomtempo, que acompanhou nesta segunda-feira (4), parte dos atendimentos aos estudantes.<br>O juiz da Vara da Inf\u00e2ncia e Adolesc\u00eancia, Jos\u00e9 Claudio de Macedo, um dos idealizadodores, agradeceu o empenho da Prefeitura e dos parceiros na realiza\u00e7\u00e3o do projeto. \u201cUm dos aspectos desse projeto est\u00e1 no campo da educa\u00e7\u00e3o. Os problemas de acuidade visual refletem no desenvolvimento escolar dessas crian\u00e7as\u201d, comentou o juiz.<br>A secret\u00e1ria-chefe de Gabinete e presidente do Conselho Municipal dos Direitos da Crian\u00e7a e do Adolescente (CMDCA), Luciane Bomtempo, lembrou que a uni\u00e3o do poder p\u00fablico, da Vara da Inf\u00e2ncia e dos outros parceiros foi fundamental para a realiza\u00e7\u00e3o do projeto. \u201cEsta segunda etapa \u00e9 a consolida\u00e7\u00e3o dessa uni\u00e3o\u201d, comentou.<br>A secret\u00e1ria de Educa\u00e7\u00e3o, Adriana de Paula, ressaltou a alegria de poder participar de um projeto pioneiro da rede p\u00fablica. \u201cSomando esfor\u00e7os conquistamos coisas t\u00e3o importantes para o desenvolvimento das nossas crian\u00e7as\u201d, comentou a secret\u00e1ria.<br>As consultas est\u00e3o acontecendo no Ambulat\u00f3rio Escola da Unifase\/FMP. em Cascatinha. \u201c\u00c9 um projeto muito produtivo para todos n\u00f3s, despertando nos futuros m\u00e9dicos o compromisso com a popula\u00e7\u00e3o\u201d, comentou a supervisora geral da Unifase, Maria Isabel de S\u00e1 Earp de Resende.<br>Tamb\u00e9m participaram da visita, o vereador Marcelo Chit\u00e3o, a secret\u00e1ria da Pessoa com Defici\u00eancia, Mobilidade Reduzida e Doen\u00e7as Raras, M\u00e1rcia Schanuel Bastos, a especialista de Recursos Humanos da Zeiss, Yasmin Martins dos Santos e a coordenadora do Servi\u00e7o de Oftalmologia do Ambulat\u00f3rio Escola, Patr\u00edcia Pach\u00e1.<\/p>\n","protected":false},"excerpt":{"rendered":"<p>Segunda etapa \u00e9 em parceria com a Zeiss e a Unifase Oitenta e sete alunos<\/p>\n","protected":false},"author":1,"featured_media":38558,"comment_status":"closed","ping_status":"open","sticky":false,"template":"","format":"standard","meta":{"spay_email":"","footnotes":"","jetpack_publicize_message":""},"categories":[2],"tags":[],"jetpack_featured_media_url":"https:\/\/i1.wp.com\/jornaldeitaipava.com.br\/wp-content\/uploads\/2024\/03\/WhatsApp-Image-2024-03-04-at-19.18.23.jpeg?fit=1600%2C1200&ssl=1","jetpack_publicize_connections":[],"jetpack_sharing_enabled":true,"jetpack_likes_enabled":true,"jetpack-related-posts":[],"_links":{"self":[{"href":"https:\/\/jornaldeitaipava.com.br\/index.php\/wp-json\/wp\/v2\/posts\/38557"}],"collection":[{"href":"https:\/\/jornaldeitaipava.com.br\/index.php\/wp-json\/wp\/v2\/posts"}],"about":[{"href":"https:\/\/jornaldeitaipava.com.br\/index.php\/wp-json\/wp\/v2\/types\/post"}],"author":[{"embeddable":true,"href":"https:\/\/jornaldeitaipava.com.br\/index.php\/wp-json\/wp\/v2\/users\/1"}],"replies":[{"embeddable":true,"href":"https:\/\/jornaldeitaipava.com.br\/index.php\/wp-json\/wp\/v2\/comments?post=38557"}],"version-history":[{"count":1,"href":"https:\/\/jornaldeitaipava.com.br\/index.php\/wp-json\/wp\/v2\/posts\/38557\/revisions"}],"predecessor-version":[{"id":38559,"href":"https:\/\/jornaldeitaipava.com.br\/index.php\/wp-json\/wp\/v2\/posts\/38557\/revisions\/38559"}],"wp:featuredmedia":[{"embeddable":true,"href":"https:\/\/jornaldeitaipava.com.br\/index.php\/wp-json\/wp\/v2\/media\/38558"}],"wp:attachment":[{"href":"https:\/\/jornaldeitaipava.com.br\/index.php\/wp-json\/wp\/v2\/media?parent=38557"}],"wp:term":[{"taxonomy":"category","embeddable":true,"href":"https:\/\/jornaldeitaipava.com.br\/index.php\/wp-json\/wp\/v2\/categories?post=38557"},{"taxonomy":"post_tag","embeddable":true,"href":"https:\/\/jornaldeitaipava.com.br\/index.php\/wp-json\/wp\/v2\/tags?post=38557"}],"curies":[{"name":"wp","href":"https:\/\/api.w.org\/{rel}","templated":true}]}}