{"id":38573,"date":"2024-03-05T17:16:59","date_gmt":"2024-03-05T20:16:59","guid":{"rendered":"http:\/\/jornaldeitaipava.com.br\/?p=38573"},"modified":"2024-03-05T17:17:08","modified_gmt":"2024-03-05T20:17:08","slug":"centro-de-cultura-raul-de-leoni-vai-receber-exposicao-profissao-artista-corpos-hibridos-em-comemoracao-ao-aniversario-de-petropolis","status":"publish","type":"post","link":"https:\/\/jornaldeitaipava.com.br\/index.php\/2024\/03\/05\/centro-de-cultura-raul-de-leoni-vai-receber-exposicao-profissao-artista-corpos-hibridos-em-comemoracao-ao-aniversario-de-petropolis\/","title":{"rendered":"Centro de Cultura Raul de Leoni vai receber exposi\u00e7\u00e3o &#8220;Profiss\u00e3o Artista: Corpos H\u00edbridos&#8221; em comemora\u00e7\u00e3o ao anivers\u00e1rio de Petr\u00f3polis"},"content":{"rendered":"\n<p class=\"has-text-align-center\"><strong>Mostra vai reunir obras de 20 artistas locais e ter\u00e1 visita\u00e7\u00e3o gratuita at\u00e9 abril. Abertura vai incluir homenagem ao professor e artista pl\u00e1stico, Nelson Ricardo, que morreu ap\u00f3s as fortes chuvas de mar\u00e7o de 2022 na cidade<\/strong><\/p>\n\n\n\n<p><br>A sexta edi\u00e7\u00e3o da Exposi\u00e7\u00e3o &#8220;Profiss\u00e3o Artista&#8221; traz uma proposta instigante e diversificada, reunindo obras de 20 artistas locais em uma mostra, intitulada como Corpos h\u00edbridos, que promete encantar e provocar reflex\u00f5es. Com inaugura\u00e7\u00e3o marcada para o dia 15 de mar\u00e7o, fazendo parte da programa\u00e7\u00e3o do anivers\u00e1rio de Petr\u00f3polis, comemorado no dia 16, o evento ser\u00e1 realizado no Centro de Cultura Raul de Leoni.<br>A vernissage ter\u00e1 in\u00edcio \u00e0s 18h30, com a exibi\u00e7\u00e3o de uma colet\u00e2nea de v\u00eddeos produzida pelo professor e artista Nelson Ricardo, que morreu ap\u00f3s as fortes chuvas de mar\u00e7o de 2022 em Petr\u00f3polis. Nelson foi curador da exposi\u00e7\u00e3o Profiss\u00e3o Artista em 2017 e a exibi\u00e7\u00e3o \u00e9 uma homenagem do grupo ao artista.<br>A mostra ficar\u00e1 aberta para visita\u00e7\u00e3o at\u00e9 15 de abril de 2024. O hor\u00e1rio de funcionamento do Centro de Cultura \u00e9 de segunda a sexta, das 9h \u00e0s 18h, e aos s\u00e1bados, das 13h \u00e0s 17h. A exposi\u00e7\u00e3o ter\u00e1 ainda visitas guiadas para escolas municipais, estaduais, particulares e o p\u00fablico em geral.<br>Produzida por Isabela Bentes e Rosa Paranhos, com curadoria de Marisa Fl\u00f3rido C\u00e9sar, a exposi\u00e7\u00e3o busca explorar as m\u00faltiplas faces da arte e sua rela\u00e7\u00e3o com as quest\u00f5es sociais, afetivas e profissionais. Atrav\u00e9s das obras de talentosos artistas, os visitantes ser\u00e3o convidados a refletir sobre o contexto em que vivem, reavaliar conceitos e at\u00e9 mesmo transformar realidades. \u201cA exposi\u00e7\u00e3o reafirma o compromisso de Petr\u00f3polis com a arte e a cultura, incentivando a produ\u00e7\u00e3o local e promovendo a reflex\u00e3o e o debate sobre temas relevantes para a sociedade\u201d, destaca Isabela Bentes.<br>Rosa Paranhos acrescenta que esta \u00e9 uma edi\u00e7\u00e3o inovadora da exposi\u00e7\u00e3o \u201cProfiss\u00e3o Artista\u201d. \u201cEstamos ansiosos para o dia da inaugura\u00e7\u00e3o. Convidamos a curadora, Marisa Fl\u00f3rido C\u00e9sar, uma pessoa muito respeitada no meio art\u00edstico, e ela est\u00e1 direcionando muito bem a montagem da exposi\u00e7\u00e3o, que promete ser um sucesso\u201d, comenta.<br>Artista participante da mostra, S\u00f4nia Xavier ressalta que a sexta edi\u00e7\u00e3o da exposi\u00e7\u00e3o traz o universo e a for\u00e7a po\u00e9tica dos artistas petropolitanos. Ela afirma que o segmento de arte, desde a sua cria\u00e7\u00e3o, busca estruturar um caminho para estimular cada vez mais o pensar sobre o papel da arte na cultura local e, consequentemente, qual o papel do artista visual neste contexto. \u201cO que nos identifica, nos diferencia, nos conecta?&#8221;, questiona.<br>Para S\u00f4nia, o artista usa a arte como enfrentamento e, assim, vai construindo uma imagem, trabalhando com disciplina, sempre atento \u00e0 vida. &#8220;Na lista, na luta do processo de cria\u00e7\u00e3o, os erros n\u00e3o devem ser apagados. \u00c9 recuperar o humanismo na hora de criar, construindo uma rela\u00e7\u00e3o de honestidade com seu trabalho para encontrar a sua identidade\u201d, disse.<br>Os artistas que comp\u00f5em os trabalhos apresentados na mostra s\u00e3o: Adriana Saory, Aline Klem, Ana Rondon, Claudio Copello, Cris Borzino, Daniela Versiani, Doug, Gra\u00e7a Pimentel, Isabela Bentes, Jarbas Paullous, Leticia Kling, Malis, Matheus Batista, Pedro Vizzini, Natalia Gabrich, Rane Bessa, Raquel Vargas, Rosa Paranhos, Sonia Xavier e Victoriano Resende.<\/p>\n\n\n\n<p><strong>Servi\u00e7o<\/strong><br>Exposi\u00e7\u00e3o &#8220;Profiss\u00e3o Artista: Corpos H\u00edbridos&#8221;<br>Data de abertura: 15 de mar\u00e7o, \u00e0s 18h30<br>Data para visita\u00e7\u00e3o: at\u00e9 15 de abril, de segunda a sexta, das 9h \u00e0s 18h, e aos s\u00e1bados, das 13h \u00e0s 17h<br>Entrada gratuita<\/p>\n","protected":false},"excerpt":{"rendered":"<p>Mostra vai reunir obras de 20 artistas locais e ter\u00e1 visita\u00e7\u00e3o gratuita at\u00e9 abril. Abertura<\/p>\n","protected":false},"author":1,"featured_media":38574,"comment_status":"closed","ping_status":"open","sticky":false,"template":"","format":"standard","meta":{"spay_email":"","footnotes":"","jetpack_publicize_message":""},"categories":[1],"tags":[],"jetpack_featured_media_url":"https:\/\/i0.wp.com\/jornaldeitaipava.com.br\/wp-content\/uploads\/2024\/03\/Centro-de-Cultura-Raul-de-Leoni_Foto-Isabela-Bentes.jpeg?fit=600%2C400&ssl=1","jetpack_publicize_connections":[],"jetpack_sharing_enabled":true,"jetpack_likes_enabled":true,"jetpack-related-posts":[],"_links":{"self":[{"href":"https:\/\/jornaldeitaipava.com.br\/index.php\/wp-json\/wp\/v2\/posts\/38573"}],"collection":[{"href":"https:\/\/jornaldeitaipava.com.br\/index.php\/wp-json\/wp\/v2\/posts"}],"about":[{"href":"https:\/\/jornaldeitaipava.com.br\/index.php\/wp-json\/wp\/v2\/types\/post"}],"author":[{"embeddable":true,"href":"https:\/\/jornaldeitaipava.com.br\/index.php\/wp-json\/wp\/v2\/users\/1"}],"replies":[{"embeddable":true,"href":"https:\/\/jornaldeitaipava.com.br\/index.php\/wp-json\/wp\/v2\/comments?post=38573"}],"version-history":[{"count":2,"href":"https:\/\/jornaldeitaipava.com.br\/index.php\/wp-json\/wp\/v2\/posts\/38573\/revisions"}],"predecessor-version":[{"id":38576,"href":"https:\/\/jornaldeitaipava.com.br\/index.php\/wp-json\/wp\/v2\/posts\/38573\/revisions\/38576"}],"wp:featuredmedia":[{"embeddable":true,"href":"https:\/\/jornaldeitaipava.com.br\/index.php\/wp-json\/wp\/v2\/media\/38574"}],"wp:attachment":[{"href":"https:\/\/jornaldeitaipava.com.br\/index.php\/wp-json\/wp\/v2\/media?parent=38573"}],"wp:term":[{"taxonomy":"category","embeddable":true,"href":"https:\/\/jornaldeitaipava.com.br\/index.php\/wp-json\/wp\/v2\/categories?post=38573"},{"taxonomy":"post_tag","embeddable":true,"href":"https:\/\/jornaldeitaipava.com.br\/index.php\/wp-json\/wp\/v2\/tags?post=38573"}],"curies":[{"name":"wp","href":"https:\/\/api.w.org\/{rel}","templated":true}]}}