{"id":38577,"date":"2024-03-05T17:19:59","date_gmt":"2024-03-05T20:19:59","guid":{"rendered":"http:\/\/jornaldeitaipava.com.br\/?p=38577"},"modified":"2024-03-05T17:20:02","modified_gmt":"2024-03-05T20:20:02","slug":"projeto-social-pequena-tribo-amplia-o-numero-de-vagas-e-chega-a-duas-novas-escolas-em-petropolis","status":"publish","type":"post","link":"https:\/\/jornaldeitaipava.com.br\/index.php\/2024\/03\/05\/projeto-social-pequena-tribo-amplia-o-numero-de-vagas-e-chega-a-duas-novas-escolas-em-petropolis\/","title":{"rendered":"Projeto social Pequena Tribo amplia o n\u00famero de vagas e chega a duas novas escolas em Petr\u00f3polis"},"content":{"rendered":"\n<p class=\"has-text-align-center\"><strong>Agora s\u00e3o 70 crian\u00e7as com estudo extracurricular no contraturno escolar<\/strong><\/p>\n\n\n\n<p><br>O projeto social Pequena Tribo come\u00e7a 2024 com grandes novidades: a amplia\u00e7\u00e3o na quantidade de crian\u00e7as atendidas e aumento no n\u00famero de escolas tamb\u00e9m. A partir deste ano, o programa educacional gratuito desenvolvido pelo Instituto Jonas Masetti passa a atender, ao todo, 70 crian\u00e7as na Escola Municipal Marieta Gon\u00e7alves, no bairro da Gl\u00f3ria, e tamb\u00e9m na Escola Paroquial S\u00e3o Francisco de Assis, no Bela Vista.<br>Na Escola Paroquial S\u00e3o Francisco de Assis, as aulas come\u00e7aram na \u00faltima segunda-feira, 04 de mar\u00e7o. Pais e alunos estavam animados para o in\u00edcio das turmas. O primeiro dia reservou experi\u00eancias \u00fanicas com atividades l\u00fadicas e oficinas de aten\u00e7\u00e3o plena para as crian\u00e7as. L\u00e1 v\u00e3o ser atendidas 45 crian\u00e7as nos turnos da manh\u00e3 e da tarde. J\u00e1 no bairro da Gl\u00f3ria, as aulas t\u00eam in\u00edcio na segunda-feira que vem, dia 11, e ser\u00e3o 25 crian\u00e7as atendidas no per\u00edodo da tarde.<br>O projeto social Pequena Tribo oferece estudo extracurricular de gra\u00e7a para crian\u00e7as de escolas p\u00fablicas por meio de viv\u00eancias e oficinas pedag\u00f3gicas que resgatam a cultura dos povos ancestrais, estimulando as suas potencialidades e desenvolvendo compet\u00eancias socioemocionais nesses meninos e meninas.<br>\u201cDemos passos importantes este ano. Aumentar o n\u00famero de vagas e ampliar os locais em que oferecemos a Pequena Tribo \u00e9 um sonho sendo realizado e o resultado muito positivo do trabalho que estamos fazendo desde 2022. Nesse per\u00edodo vimos muitas crian\u00e7as se desenvolverem socialmente e emocionalmente, ou seja, de forma integral. E isso me deixa muito feliz e confiante na continuidade dos trabalhos com o objetivo de atingir cada vez mais crian\u00e7as\u201d, declarou o coordenador do projeto, Rodrigo Ribas.<br>E a amplia\u00e7\u00e3o da Pequena Tribo para mais locais n\u00e3o vai parar por a\u00ed. A expans\u00e3o faz parte de um plano de escalonar o projeto social e atender cada vez mais crian\u00e7as n\u00e3o s\u00f3 em Petr\u00f3polis, mas tamb\u00e9m em outros munic\u00edpios do pa\u00eds.<br>\u201cNossa meta \u00e9 fazer com que esse projeto se multiplique. O trabalho j\u00e1 se consolidou em Petr\u00f3polis. Al\u00e9m disso, temos um conte\u00fado pedag\u00f3gico de alta qualidade e muito bem estruturado que trabalha macrocompet\u00eancias importantes para o desenvolvimento da crian\u00e7a ao mesmo tempo que resgatamos as tradi\u00e7\u00f5es dos povos origin\u00e1rios. Faz todo sentido que esse projeto n\u00e3o fique s\u00f3 aqui\u201d, finalizou o professor tradicional de Vedanta Jonas Masetti, idealizador do projeto.<br>Para acompanhar as atividades da Pequena Tribo, basta seguir o projeto no Instagram @pequenatribo.<\/p>\n","protected":false},"excerpt":{"rendered":"<p>Agora s\u00e3o 70 crian\u00e7as com estudo extracurricular no contraturno escolar O projeto social Pequena Tribo<\/p>\n","protected":false},"author":1,"featured_media":38578,"comment_status":"closed","ping_status":"open","sticky":false,"template":"","format":"standard","meta":{"spay_email":"","footnotes":"","jetpack_publicize_message":""},"categories":[2],"tags":[],"jetpack_featured_media_url":"https:\/\/i2.wp.com\/jornaldeitaipava.com.br\/wp-content\/uploads\/2024\/03\/Ampliacao-Pequena-Tribo.jpg?fit=1599%2C842&ssl=1","jetpack_publicize_connections":[],"jetpack_sharing_enabled":true,"jetpack_likes_enabled":true,"jetpack-related-posts":[],"_links":{"self":[{"href":"https:\/\/jornaldeitaipava.com.br\/index.php\/wp-json\/wp\/v2\/posts\/38577"}],"collection":[{"href":"https:\/\/jornaldeitaipava.com.br\/index.php\/wp-json\/wp\/v2\/posts"}],"about":[{"href":"https:\/\/jornaldeitaipava.com.br\/index.php\/wp-json\/wp\/v2\/types\/post"}],"author":[{"embeddable":true,"href":"https:\/\/jornaldeitaipava.com.br\/index.php\/wp-json\/wp\/v2\/users\/1"}],"replies":[{"embeddable":true,"href":"https:\/\/jornaldeitaipava.com.br\/index.php\/wp-json\/wp\/v2\/comments?post=38577"}],"version-history":[{"count":1,"href":"https:\/\/jornaldeitaipava.com.br\/index.php\/wp-json\/wp\/v2\/posts\/38577\/revisions"}],"predecessor-version":[{"id":38579,"href":"https:\/\/jornaldeitaipava.com.br\/index.php\/wp-json\/wp\/v2\/posts\/38577\/revisions\/38579"}],"wp:featuredmedia":[{"embeddable":true,"href":"https:\/\/jornaldeitaipava.com.br\/index.php\/wp-json\/wp\/v2\/media\/38578"}],"wp:attachment":[{"href":"https:\/\/jornaldeitaipava.com.br\/index.php\/wp-json\/wp\/v2\/media?parent=38577"}],"wp:term":[{"taxonomy":"category","embeddable":true,"href":"https:\/\/jornaldeitaipava.com.br\/index.php\/wp-json\/wp\/v2\/categories?post=38577"},{"taxonomy":"post_tag","embeddable":true,"href":"https:\/\/jornaldeitaipava.com.br\/index.php\/wp-json\/wp\/v2\/tags?post=38577"}],"curies":[{"name":"wp","href":"https:\/\/api.w.org\/{rel}","templated":true}]}}